{"id":21931,"date":"2021-07-07T19:52:21","date_gmt":"2021-07-07T19:52:21","guid":{"rendered":"https:\/\/blogdorogeriogomes.com.br\/?p=21931"},"modified":"2021-07-13T00:24:55","modified_gmt":"2021-07-13T00:24:55","slug":"roberto-dias-diz-que-conversou-sobre-vacinas-com-policial-e-reverendo-e-reclama-que-sua-exoneracao-foi-esdruxula","status":"publish","type":"post","link":"https:\/\/blogdorogeriogomes.com.br\/noticias\/2021\/07\/roberto-dias-diz-que-conversou-sobre-vacinas-com-policial-e-reverendo-e-reclama-que-sua-exoneracao-foi-esdruxula\/","title":{"rendered":"Roberto Dias diz que conversou sobre vacinas com policial e reverendo e reclama que sua exonera\u00e7\u00e3o foi &#8220;esdr\u00faxula&#8221;"},"content":{"rendered":"\n<p>Em depoimento para a CPI da Covid nesta quarta-feira, dia 7 de julho, no Senado Federal, o ex-diretor de Log\u00edstica do Minist\u00e9rio da Sa\u00fade, Roberto Dias, alegou que tratou da negocia\u00e7\u00e3o de vacinas com um policial militar e um reverendo, apontados como lobistas nas den\u00fancias da aquisi\u00e7\u00e3o irregular de imunizantes pelo governo federal. Al\u00e9m disso, Dias reclamou que a sua exonera\u00e7\u00e3o do cargo, um dia ap\u00f3s veicula\u00e7\u00e3o de mat\u00e9rias que denunciaram o pedido de propina de US$ 1 d\u00f3lar por dose por parte da Sa\u00fade, foi motivada por &#8220;fato esdr\u00faxulo e inexistente&#8221;.<\/p>\n\n\n\n<p>O ex-diretor disse que, de fato, jantou no restaurante Vasto, em Bras\u00edlia, com o cabo da PM mineira e representante na venda de vacinas, Luiz Paulo Dominghetti, no dia 25 de fevereiro. Contudo, negou a acusa\u00e7\u00e3o de ter negociado com propina a aquisi\u00e7\u00e3o dos imunizantes da AstraZeneca, vers\u00e3o esta narrada por Dominghetti em seu depoimento na comiss\u00e3o de inqu\u00e9rito. Na ocasi\u00e3o, o policial teve o celular apreendido para apura\u00e7\u00e3o de fatos.<\/p>\n\n\n\n<p>O reverendo citado por Dias \u00e9 Amilton Gomes de Paula. O encontro ocorreu, segundo Dias, em agenda oficial, para conversar sobre a compra de imunizantes. Segundo revelou reportagem do Jornal Nacional, da TV Globo, mensagens mostram que Amilton teria recebido o aval do diretor Imuniza\u00e7\u00e3o do Minist\u00e9rio da Sa\u00fade, Lauricio Monteiro Cruz, para negociar com o governo federal.<\/p>\n\n\n\n<figure class=\"wp-block-image size-large\"><img loading=\"lazy\" decoding=\"async\" width=\"600\" height=\"400\" src=\"https:\/\/blogdorogeriogomes.com.br\/wp-content\/uploads\/2021\/07\/images-2021-07-07T164950.391.jpeg\" alt=\"\" class=\"wp-image-21932\" srcset=\"https:\/\/blogdorogeriogomes.com.br\/noticias\/wp-content\/uploads\/2021\/07\/images-2021-07-07T164950.391.jpeg 600w, https:\/\/blogdorogeriogomes.com.br\/noticias\/wp-content\/uploads\/2021\/07\/images-2021-07-07T164950.391-300x200.jpeg 300w\" sizes=\"auto, (max-width: 600px) 100vw, 600px\" \/><\/figure>\n","protected":false},"excerpt":{"rendered":"<p>Em depoimento para a CPI da Covid nesta quarta-feira, dia 7 de julho, no Senado Federal, o ex-diretor de Log\u00edstica do Minist\u00e9rio da Sa\u00fade, Roberto Dias, alegou que tratou da negocia\u00e7\u00e3o de vacinas com um policial militar e um reverendo, apontados como lobistas nas den\u00fancias da aquisi\u00e7\u00e3o irregular de imunizantes pelo governo federal. Al\u00e9m disso, Dias reclamou que a sua exonera\u00e7\u00e3o do cargo, um dia ap\u00f3s veicula\u00e7\u00e3o de mat\u00e9rias que denunciaram o pedido de propina de US$ 1 d\u00f3lar&hellip;<\/p>\n","protected":false},"author":1,"featured_media":21932,"comment_status":"open","ping_status":"open","sticky":false,"template":"","format":"standard","meta":{"footnotes":""},"categories":[1],"tags":[],"class_list":["post-21931","post","type-post","status-publish","format-standard","has-post-thumbnail","hentry","category-noticias"],"_links":{"self":[{"href":"https:\/\/blogdorogeriogomes.com.br\/noticias\/wp-json\/wp\/v2\/posts\/21931","targetHints":{"allow":["GET"]}}],"collection":[{"href":"https:\/\/blogdorogeriogomes.com.br\/noticias\/wp-json\/wp\/v2\/posts"}],"about":[{"href":"https:\/\/blogdorogeriogomes.com.br\/noticias\/wp-json\/wp\/v2\/types\/post"}],"author":[{"embeddable":true,"href":"https:\/\/blogdorogeriogomes.com.br\/noticias\/wp-json\/wp\/v2\/users\/1"}],"replies":[{"embeddable":true,"href":"https:\/\/blogdorogeriogomes.com.br\/noticias\/wp-json\/wp\/v2\/comments?post=21931"}],"version-history":[{"count":1,"href":"https:\/\/blogdorogeriogomes.com.br\/noticias\/wp-json\/wp\/v2\/posts\/21931\/revisions"}],"predecessor-version":[{"id":21933,"href":"https:\/\/blogdorogeriogomes.com.br\/noticias\/wp-json\/wp\/v2\/posts\/21931\/revisions\/21933"}],"wp:featuredmedia":[{"embeddable":true,"href":"https:\/\/blogdorogeriogomes.com.br\/noticias\/wp-json\/wp\/v2\/media\/21932"}],"wp:attachment":[{"href":"https:\/\/blogdorogeriogomes.com.br\/noticias\/wp-json\/wp\/v2\/media?parent=21931"}],"wp:term":[{"taxonomy":"category","embeddable":true,"href":"https:\/\/blogdorogeriogomes.com.br\/noticias\/wp-json\/wp\/v2\/categories?post=21931"},{"taxonomy":"post_tag","embeddable":true,"href":"https:\/\/blogdorogeriogomes.com.br\/noticias\/wp-json\/wp\/v2\/tags?post=21931"}],"curies":[{"name":"wp","href":"https:\/\/api.w.org\/{rel}","templated":true}]}}