{"id":21937,"date":"2021-07-08T10:03:31","date_gmt":"2021-07-08T10:03:31","guid":{"rendered":"https:\/\/blogdorogeriogomes.com.br\/?p=21937"},"modified":"2021-07-13T00:24:47","modified_gmt":"2021-07-13T00:24:47","slug":"variante-delta-ja-causa-mortes-no-brasil-mas-ainda-nao-chegou-ao-ceara","status":"publish","type":"post","link":"https:\/\/blogdorogeriogomes.com.br\/noticias\/2021\/07\/variante-delta-ja-causa-mortes-no-brasil-mas-ainda-nao-chegou-ao-ceara\/","title":{"rendered":"Variante Delta j\u00e1 se espalha no Brasil, mas ainda n\u00e3o chegou ao Cear\u00e1"},"content":{"rendered":"\n<p>A variante Delta que transmite a Covid-19 j\u00e1 teve pelo menos 15 casos confirmados no Brasil, principalmente, no Sudeste. Mas de acordo com a Secretaria de Sa\u00fade do Estado ainda n\u00e3o apresentou casos no Cear\u00e1. Os epidemiologistas avaliam que o cont\u00e1gio do v\u00edrus \u00e9 favorecido pela vacina\u00e7\u00e3o ainda lenta em todo o Pa\u00eds, em conjunto com a falta de um sequenciamento gen\u00e9tico mais r\u00e1pido. \u00c9 esperado que a variante se espalhe por v\u00e1rios estados brasileiros.<\/p>\n\n\n\n<p>A variante Delta, tamb\u00e9m conhecida como variante indiana, \u00e9 classificada pela Organiza\u00e7\u00e3o Mundial da Sa\u00fade (OMS) como de preocupa\u00e7\u00e3o global por ter contribu\u00eddo para a mais recente terceira onda da pandemia na \u00cdndia.<\/p>\n\n\n\n<figure class=\"wp-block-image size-large\"><img loading=\"lazy\" decoding=\"async\" width=\"750\" height=\"500\" src=\"https:\/\/blogdorogeriogomes.com.br\/wp-content\/uploads\/2021\/07\/1_17_07_2020_covid_testes_exame-14559257.jpg\" alt=\"\" class=\"wp-image-21938\" srcset=\"https:\/\/blogdorogeriogomes.com.br\/noticias\/wp-content\/uploads\/2021\/07\/1_17_07_2020_covid_testes_exame-14559257.jpg 750w, https:\/\/blogdorogeriogomes.com.br\/noticias\/wp-content\/uploads\/2021\/07\/1_17_07_2020_covid_testes_exame-14559257-300x200.jpg 300w\" sizes=\"auto, (max-width: 750px) 100vw, 750px\" \/><\/figure>\n","protected":false},"excerpt":{"rendered":"<p>A variante Delta que transmite a Covid-19 j\u00e1 teve pelo menos 15 casos confirmados no Brasil, principalmente, no Sudeste. Mas de acordo com a Secretaria de Sa\u00fade do Estado ainda n\u00e3o apresentou casos no Cear\u00e1. Os epidemiologistas avaliam que o cont\u00e1gio do v\u00edrus \u00e9 favorecido pela vacina\u00e7\u00e3o ainda lenta em todo o Pa\u00eds, em conjunto com a falta de um sequenciamento gen\u00e9tico mais r\u00e1pido. \u00c9 esperado que a variante se espalhe por v\u00e1rios estados brasileiros. A variante Delta, tamb\u00e9m&hellip;<\/p>\n","protected":false},"author":1,"featured_media":21938,"comment_status":"open","ping_status":"open","sticky":false,"template":"","format":"standard","meta":{"footnotes":""},"categories":[1],"tags":[],"class_list":["post-21937","post","type-post","status-publish","format-standard","has-post-thumbnail","hentry","category-noticias"],"_links":{"self":[{"href":"https:\/\/blogdorogeriogomes.com.br\/noticias\/wp-json\/wp\/v2\/posts\/21937","targetHints":{"allow":["GET"]}}],"collection":[{"href":"https:\/\/blogdorogeriogomes.com.br\/noticias\/wp-json\/wp\/v2\/posts"}],"about":[{"href":"https:\/\/blogdorogeriogomes.com.br\/noticias\/wp-json\/wp\/v2\/types\/post"}],"author":[{"embeddable":true,"href":"https:\/\/blogdorogeriogomes.com.br\/noticias\/wp-json\/wp\/v2\/users\/1"}],"replies":[{"embeddable":true,"href":"https:\/\/blogdorogeriogomes.com.br\/noticias\/wp-json\/wp\/v2\/comments?post=21937"}],"version-history":[{"count":2,"href":"https:\/\/blogdorogeriogomes.com.br\/noticias\/wp-json\/wp\/v2\/posts\/21937\/revisions"}],"predecessor-version":[{"id":21940,"href":"https:\/\/blogdorogeriogomes.com.br\/noticias\/wp-json\/wp\/v2\/posts\/21937\/revisions\/21940"}],"wp:featuredmedia":[{"embeddable":true,"href":"https:\/\/blogdorogeriogomes.com.br\/noticias\/wp-json\/wp\/v2\/media\/21938"}],"wp:attachment":[{"href":"https:\/\/blogdorogeriogomes.com.br\/noticias\/wp-json\/wp\/v2\/media?parent=21937"}],"wp:term":[{"taxonomy":"category","embeddable":true,"href":"https:\/\/blogdorogeriogomes.com.br\/noticias\/wp-json\/wp\/v2\/categories?post=21937"},{"taxonomy":"post_tag","embeddable":true,"href":"https:\/\/blogdorogeriogomes.com.br\/noticias\/wp-json\/wp\/v2\/tags?post=21937"}],"curies":[{"name":"wp","href":"https:\/\/api.w.org\/{rel}","templated":true}]}}