{"id":21941,"date":"2021-07-08T10:23:29","date_gmt":"2021-07-08T10:23:29","guid":{"rendered":"https:\/\/blogdorogeriogomes.com.br\/?p=21941"},"modified":"2021-07-13T00:24:39","modified_gmt":"2021-07-13T00:24:39","slug":"cariri-e-unica-regiao-do-ceara-com-ocupacao-superior-a-80-dos-leitos-de-uti","status":"publish","type":"post","link":"https:\/\/blogdorogeriogomes.com.br\/noticias\/2021\/07\/cariri-e-unica-regiao-do-ceara-com-ocupacao-superior-a-80-dos-leitos-de-uti\/","title":{"rendered":"Cariri \u00e9 \u00fanica regi\u00e3o do Cear\u00e1 com ocupa\u00e7\u00e3o superior a 80% dos leitos de UTI"},"content":{"rendered":"\n<p>O Cariri \u00e9 a \u00fanica regi\u00e3o que tem taxa de ocupa\u00e7\u00e3o superior a 80% dos leitos de UTI no Cear\u00e1, esses leitos s\u00e3o para tratamento exclusivo de pacientes infectados com a Covid-19. O estado tem taxa de 64,25%, sendo o menor \u00edndice desde 7 de janeiro deste ano de 2021, quando o percentual era de 62,19%.<br>O Cear\u00e1 oferta 123 leitos para a regi\u00e3o e 110 se encontram ocupados, o que representa taxa de 80,49%. O Hospital Regional do Cariri (HRC) \u00e9 a unidade de sa\u00fade que possui o maior n\u00famero de leitos de UTI, com 58 e destes, 52 est\u00e3o ocupados, o que representa taxa de ocupa\u00e7\u00e3o de 89,65%.<br>Essa atual ocupa\u00e7\u00e3o no Cariri, puxado pela alta taxa do Hospital Regional do Cariri, ocorre devido \u00e0 demanda de cidades menores que n\u00e3o disp\u00f5e de atendimento de alta complexidade.<br>Com exatamente 80% das vagas preenchidas, a segunda regi\u00e3o com maior taxa de ocupa\u00e7\u00e3o \u00e9 o Litoral Leste\/Jaguaribe. J\u00e1 Fortaleza se encontra no outro lado com \u00edndice de ocupa\u00e7\u00e3o de 58,75%, o menor dentre as regi\u00f5es de Sa\u00fade do Estado.<\/p>\n\n\n\n<figure class=\"wp-block-image size-large\"><img loading=\"lazy\" decoding=\"async\" width=\"739\" height=\"415\" src=\"https:\/\/blogdorogeriogomes.com.br\/wp-content\/uploads\/2021\/07\/images-2021-07-08T072117.431.jpeg\" alt=\"\" class=\"wp-image-21942\" srcset=\"https:\/\/blogdorogeriogomes.com.br\/noticias\/wp-content\/uploads\/2021\/07\/images-2021-07-08T072117.431.jpeg 739w, https:\/\/blogdorogeriogomes.com.br\/noticias\/wp-content\/uploads\/2021\/07\/images-2021-07-08T072117.431-300x168.jpeg 300w\" sizes=\"auto, (max-width: 739px) 100vw, 739px\" \/><\/figure>\n","protected":false},"excerpt":{"rendered":"<p>O Cariri \u00e9 a \u00fanica regi\u00e3o que tem taxa de ocupa\u00e7\u00e3o superior a 80% dos leitos de UTI no Cear\u00e1, esses leitos s\u00e3o para tratamento exclusivo de pacientes infectados com a Covid-19. O estado tem taxa de 64,25%, sendo o menor \u00edndice desde 7 de janeiro deste ano de 2021, quando o percentual era de 62,19%.O Cear\u00e1 oferta 123 leitos para a regi\u00e3o e 110 se encontram ocupados, o que representa taxa de 80,49%. O Hospital Regional do Cariri&hellip;<\/p>\n","protected":false},"author":1,"featured_media":21942,"comment_status":"open","ping_status":"open","sticky":false,"template":"","format":"standard","meta":{"footnotes":""},"categories":[1],"tags":[],"class_list":["post-21941","post","type-post","status-publish","format-standard","has-post-thumbnail","hentry","category-noticias"],"_links":{"self":[{"href":"https:\/\/blogdorogeriogomes.com.br\/noticias\/wp-json\/wp\/v2\/posts\/21941","targetHints":{"allow":["GET"]}}],"collection":[{"href":"https:\/\/blogdorogeriogomes.com.br\/noticias\/wp-json\/wp\/v2\/posts"}],"about":[{"href":"https:\/\/blogdorogeriogomes.com.br\/noticias\/wp-json\/wp\/v2\/types\/post"}],"author":[{"embeddable":true,"href":"https:\/\/blogdorogeriogomes.com.br\/noticias\/wp-json\/wp\/v2\/users\/1"}],"replies":[{"embeddable":true,"href":"https:\/\/blogdorogeriogomes.com.br\/noticias\/wp-json\/wp\/v2\/comments?post=21941"}],"version-history":[{"count":1,"href":"https:\/\/blogdorogeriogomes.com.br\/noticias\/wp-json\/wp\/v2\/posts\/21941\/revisions"}],"predecessor-version":[{"id":21943,"href":"https:\/\/blogdorogeriogomes.com.br\/noticias\/wp-json\/wp\/v2\/posts\/21941\/revisions\/21943"}],"wp:featuredmedia":[{"embeddable":true,"href":"https:\/\/blogdorogeriogomes.com.br\/noticias\/wp-json\/wp\/v2\/media\/21942"}],"wp:attachment":[{"href":"https:\/\/blogdorogeriogomes.com.br\/noticias\/wp-json\/wp\/v2\/media?parent=21941"}],"wp:term":[{"taxonomy":"category","embeddable":true,"href":"https:\/\/blogdorogeriogomes.com.br\/noticias\/wp-json\/wp\/v2\/categories?post=21941"},{"taxonomy":"post_tag","embeddable":true,"href":"https:\/\/blogdorogeriogomes.com.br\/noticias\/wp-json\/wp\/v2\/tags?post=21941"}],"curies":[{"name":"wp","href":"https:\/\/api.w.org\/{rel}","templated":true}]}}