{"id":21944,"date":"2021-07-08T20:42:49","date_gmt":"2021-07-08T20:42:49","guid":{"rendered":"https:\/\/blogdorogeriogomes.com.br\/?p=21944"},"modified":"2021-07-13T00:24:31","modified_gmt":"2021-07-13T00:24:31","slug":"fortaleza-esgotou-estoque-de-vacinas-para-aplicacao-da-1a-dose-novos-lotes-chegam-ainda-nesta-semana","status":"publish","type":"post","link":"https:\/\/blogdorogeriogomes.com.br\/noticias\/2021\/07\/fortaleza-esgotou-estoque-de-vacinas-para-aplicacao-da-1a-dose-novos-lotes-chegam-ainda-nesta-semana\/","title":{"rendered":"Fortaleza esgotou estoque de vacinas para aplica\u00e7\u00e3o da 1\u00aa dose. Novos lotes chegam ainda nesta semana"},"content":{"rendered":"\n<p>O estoque de vacinas contra Covid-1 esgotou em Fortaleza. Nesta quinta-feira, dia 8 de julho, o prefeito Jos\u00e9 Sarto (PDT) informou que com a escassez dos imunizantes n\u00e3o ser\u00e3o feitos agendamentos para a 1\u00aa dose para a sexta-feira, dia 9. Com a escassez, a prioridade da imuniza\u00e7\u00e3o ser\u00e1 aplicar a segunda dose na popula\u00e7\u00e3o que se encontra na data limite para receber o imunizante.<\/p>\n\n\n\n<p>O governador Camilo Santana (PT) anunciou nas suas redes sociais que novos lotes devem chegar ao Cear\u00e1 com brevidade. Nesta quinta-feira, chegam 69.030 doses da vacina da Pfizer. Ainda esta semana est\u00e3o previstas 101.630 doses da CoronaVac.<\/p>\n\n\n\n<p>Nesta quinta-feira, foram aplicadas as \u00faltimas doses dispon\u00edveis da primeira dose do imunizante contra a Covid-19 na Capital, em pessoas nascidas entre os anos 1960 e 1988.<\/p>\n\n\n\n<p>Segundo a Secretaria da Sa\u00fade do Cear\u00e1 (Sesa), o total de 3,4 milh\u00f5es de pessoas j\u00e1 receberam a primeira dose no Estado, o que representa 36,6% da popula\u00e7\u00e3o cearense. Fortaleza hoje est\u00e1 com 46% da sua popula\u00e7\u00e3o vacinada com pelo menos a D1, com mais de 1,23 milh\u00e3o de pessoas contempladas com o imunizante.<\/p>\n\n\n\n<figure class=\"wp-block-image size-large\"><img loading=\"lazy\" decoding=\"async\" width=\"768\" height=\"354\" src=\"https:\/\/blogdorogeriogomes.com.br\/wp-content\/uploads\/2021\/07\/images-2021-07-08T173909.550.jpeg\" alt=\"\" class=\"wp-image-21945\" srcset=\"https:\/\/blogdorogeriogomes.com.br\/noticias\/wp-content\/uploads\/2021\/07\/images-2021-07-08T173909.550.jpeg 768w, https:\/\/blogdorogeriogomes.com.br\/noticias\/wp-content\/uploads\/2021\/07\/images-2021-07-08T173909.550-300x138.jpeg 300w\" sizes=\"auto, (max-width: 768px) 100vw, 768px\" \/><\/figure>\n","protected":false},"excerpt":{"rendered":"<p>O estoque de vacinas contra Covid-1 esgotou em Fortaleza. Nesta quinta-feira, dia 8 de julho, o prefeito Jos\u00e9 Sarto (PDT) informou que com a escassez dos imunizantes n\u00e3o ser\u00e3o feitos agendamentos para a 1\u00aa dose para a sexta-feira, dia 9. Com a escassez, a prioridade da imuniza\u00e7\u00e3o ser\u00e1 aplicar a segunda dose na popula\u00e7\u00e3o que se encontra na data limite para receber o imunizante. O governador Camilo Santana (PT) anunciou nas suas redes sociais que novos lotes devem chegar&hellip;<\/p>\n","protected":false},"author":1,"featured_media":21945,"comment_status":"open","ping_status":"open","sticky":false,"template":"","format":"standard","meta":{"footnotes":""},"categories":[1],"tags":[],"class_list":["post-21944","post","type-post","status-publish","format-standard","has-post-thumbnail","hentry","category-noticias"],"_links":{"self":[{"href":"https:\/\/blogdorogeriogomes.com.br\/noticias\/wp-json\/wp\/v2\/posts\/21944","targetHints":{"allow":["GET"]}}],"collection":[{"href":"https:\/\/blogdorogeriogomes.com.br\/noticias\/wp-json\/wp\/v2\/posts"}],"about":[{"href":"https:\/\/blogdorogeriogomes.com.br\/noticias\/wp-json\/wp\/v2\/types\/post"}],"author":[{"embeddable":true,"href":"https:\/\/blogdorogeriogomes.com.br\/noticias\/wp-json\/wp\/v2\/users\/1"}],"replies":[{"embeddable":true,"href":"https:\/\/blogdorogeriogomes.com.br\/noticias\/wp-json\/wp\/v2\/comments?post=21944"}],"version-history":[{"count":1,"href":"https:\/\/blogdorogeriogomes.com.br\/noticias\/wp-json\/wp\/v2\/posts\/21944\/revisions"}],"predecessor-version":[{"id":21946,"href":"https:\/\/blogdorogeriogomes.com.br\/noticias\/wp-json\/wp\/v2\/posts\/21944\/revisions\/21946"}],"wp:featuredmedia":[{"embeddable":true,"href":"https:\/\/blogdorogeriogomes.com.br\/noticias\/wp-json\/wp\/v2\/media\/21945"}],"wp:attachment":[{"href":"https:\/\/blogdorogeriogomes.com.br\/noticias\/wp-json\/wp\/v2\/media?parent=21944"}],"wp:term":[{"taxonomy":"category","embeddable":true,"href":"https:\/\/blogdorogeriogomes.com.br\/noticias\/wp-json\/wp\/v2\/categories?post=21944"},{"taxonomy":"post_tag","embeddable":true,"href":"https:\/\/blogdorogeriogomes.com.br\/noticias\/wp-json\/wp\/v2\/tags?post=21944"}],"curies":[{"name":"wp","href":"https:\/\/api.w.org\/{rel}","templated":true}]}}