{"id":21950,"date":"2021-07-09T09:49:10","date_gmt":"2021-07-09T09:49:10","guid":{"rendered":"https:\/\/blogdorogeriogomes.com.br\/?p=21950"},"modified":"2021-07-13T00:24:16","modified_gmt":"2021-07-13T00:24:16","slug":"al-faz-balanco-do-pacto-contra-o-coronavirus-municipios-cearenses-tem-calamidade-publica-prorrogada","status":"publish","type":"post","link":"https:\/\/blogdorogeriogomes.com.br\/noticias\/2021\/07\/al-faz-balanco-do-pacto-contra-o-coronavirus-municipios-cearenses-tem-calamidade-publica-prorrogada\/","title":{"rendered":"AL faz balan\u00e7o do Pacto contra o Coronav\u00edrus. Munic\u00edpios cearenses t\u00eam calamidade p\u00fablica prorrogada"},"content":{"rendered":"\n<p>O presidente da Assembleia Legislativa do Cear\u00e1, deputado Evandro Leit\u00e3o (PDT) anunciou, durante a sess\u00e3o plen\u00e1ria presencial e remota, nesta quinta-feira, dia 8 de julho, que a partir da pr\u00f3xima semana, o Cadastro Solid\u00e1rio, a\u00e7\u00e3o do Pacto Contra o Coronav\u00edrus no Cear\u00e1, percorrer\u00e1 12 munic\u00edpios do interior do Estado, visando realizar o cadastro da popula\u00e7\u00e3o para vacina\u00e7\u00e3o contra a Covid-19.<\/p>\n\n\n\n<p>\u201cNa pr\u00f3xima semana, iremos publicizar quais ser\u00e3o os munic\u00edpios. Adianto que a a\u00e7\u00e3o acontecer\u00e1 no Cariri, regi\u00e3o norte, Vale do Jaguaribe, regi\u00e3o metropolitana, para que, a partir da Aprece e das c\u00e2maras de vereadores, possamos fazer uma exposi\u00e7\u00e3o, dialogando com representantes da popula\u00e7\u00e3o, para tentar sensibilizar todos e tentar evitar uma terceira onda\u201d, enfatizou Evandro Leit\u00e3o.<\/p>\n\n\n\n<p>Nesta quinta-feira, a Assembleia Legislativa tamb\u00e9m definiu que 37 munic\u00edpios do Cear\u00e1 t\u00eam calamidade p\u00fablica reconhecida pelos deputados estaduais. Na maioria dos munic\u00edpios, os decretos foram prorrogados at\u00e9 o fim de 2021 como aconteceu em n\u00edvel estadual.<br><\/p>\n\n\n\n<figure class=\"wp-block-image size-large\"><img loading=\"lazy\" decoding=\"async\" width=\"400\" height=\"267\" src=\"https:\/\/blogdorogeriogomes.com.br\/wp-content\/uploads\/2021\/07\/f8b0c6de53b88565e3d5f24ac8836883_L.jpg\" alt=\"\" class=\"wp-image-21951\" srcset=\"https:\/\/blogdorogeriogomes.com.br\/noticias\/wp-content\/uploads\/2021\/07\/f8b0c6de53b88565e3d5f24ac8836883_L.jpg 400w, https:\/\/blogdorogeriogomes.com.br\/noticias\/wp-content\/uploads\/2021\/07\/f8b0c6de53b88565e3d5f24ac8836883_L-300x200.jpg 300w\" sizes=\"auto, (max-width: 400px) 100vw, 400px\" \/><\/figure>\n","protected":false},"excerpt":{"rendered":"<p>O presidente da Assembleia Legislativa do Cear\u00e1, deputado Evandro Leit\u00e3o (PDT) anunciou, durante a sess\u00e3o plen\u00e1ria presencial e remota, nesta quinta-feira, dia 8 de julho, que a partir da pr\u00f3xima semana, o Cadastro Solid\u00e1rio, a\u00e7\u00e3o do Pacto Contra o Coronav\u00edrus no Cear\u00e1, percorrer\u00e1 12 munic\u00edpios do interior do Estado, visando realizar o cadastro da popula\u00e7\u00e3o para vacina\u00e7\u00e3o contra a Covid-19. \u201cNa pr\u00f3xima semana, iremos publicizar quais ser\u00e3o os munic\u00edpios. Adianto que a a\u00e7\u00e3o acontecer\u00e1 no Cariri, regi\u00e3o norte, Vale&hellip;<\/p>\n","protected":false},"author":1,"featured_media":21951,"comment_status":"open","ping_status":"open","sticky":false,"template":"","format":"standard","meta":{"footnotes":""},"categories":[1],"tags":[],"class_list":["post-21950","post","type-post","status-publish","format-standard","has-post-thumbnail","hentry","category-noticias"],"_links":{"self":[{"href":"https:\/\/blogdorogeriogomes.com.br\/noticias\/wp-json\/wp\/v2\/posts\/21950","targetHints":{"allow":["GET"]}}],"collection":[{"href":"https:\/\/blogdorogeriogomes.com.br\/noticias\/wp-json\/wp\/v2\/posts"}],"about":[{"href":"https:\/\/blogdorogeriogomes.com.br\/noticias\/wp-json\/wp\/v2\/types\/post"}],"author":[{"embeddable":true,"href":"https:\/\/blogdorogeriogomes.com.br\/noticias\/wp-json\/wp\/v2\/users\/1"}],"replies":[{"embeddable":true,"href":"https:\/\/blogdorogeriogomes.com.br\/noticias\/wp-json\/wp\/v2\/comments?post=21950"}],"version-history":[{"count":1,"href":"https:\/\/blogdorogeriogomes.com.br\/noticias\/wp-json\/wp\/v2\/posts\/21950\/revisions"}],"predecessor-version":[{"id":21952,"href":"https:\/\/blogdorogeriogomes.com.br\/noticias\/wp-json\/wp\/v2\/posts\/21950\/revisions\/21952"}],"wp:featuredmedia":[{"embeddable":true,"href":"https:\/\/blogdorogeriogomes.com.br\/noticias\/wp-json\/wp\/v2\/media\/21951"}],"wp:attachment":[{"href":"https:\/\/blogdorogeriogomes.com.br\/noticias\/wp-json\/wp\/v2\/media?parent=21950"}],"wp:term":[{"taxonomy":"category","embeddable":true,"href":"https:\/\/blogdorogeriogomes.com.br\/noticias\/wp-json\/wp\/v2\/categories?post=21950"},{"taxonomy":"post_tag","embeddable":true,"href":"https:\/\/blogdorogeriogomes.com.br\/noticias\/wp-json\/wp\/v2\/tags?post=21950"}],"curies":[{"name":"wp","href":"https:\/\/api.w.org\/{rel}","templated":true}]}}