{"id":21953,"date":"2021-07-09T10:12:41","date_gmt":"2021-07-09T10:12:41","guid":{"rendered":"https:\/\/blogdorogeriogomes.com.br\/?p=21953"},"modified":"2021-07-13T00:24:08","modified_gmt":"2021-07-13T00:24:08","slug":"raio-passa-a-ser-parte-permanente-da-estrutura-da-pm-do-ceara","status":"publish","type":"post","link":"https:\/\/blogdorogeriogomes.com.br\/noticias\/2021\/07\/raio-passa-a-ser-parte-permanente-da-estrutura-da-pm-do-ceara\/","title":{"rendered":"Raio passa a ser parte permanente da estrutura da PM do Cear\u00e1"},"content":{"rendered":"\n<p>Foi aprovado nesta quinta-feira, dia 8 de julho, o projeto de lei que altera a estrutura do Comando de Policiamento de Rondas de A\u00e7\u00f5es Intensivas e Ostensivas, o CPRaio, dentro da Pol\u00edcia Militar. A Assembleia Legislativa do Cear\u00e1 autorizou que a unidade, que est\u00e1 h\u00e1 17 anos em atividade, se torne permanente na estrutura da Pol\u00edcia Militar.<br>De acordo com a proposta que foi aprovada com uma emenda, de autoria do deputado Renato Roseno (Psol), os policiais em exerc\u00edcio dever\u00e3o participar periodicamente de atividades formativas de atualiza\u00e7\u00e3o e capacita\u00e7\u00e3o continuada, consideradas aquelas que possibilitam o acompanhamento e desenvolvimento da evolu\u00e7\u00e3o de diversas \u00e1reas do conhecimento e a atualiza\u00e7\u00e3o constante da doutrina profissional.<br>Para o deputado J\u00falio C\u00e9sar Filho, l\u00edder do Governo da Assembleia, a meta \u00e9 que todas as cidades acima de 30 mil habitantes tenham o refor\u00e7o no policiamento do Raio.<\/p>\n\n\n\n<figure class=\"wp-block-image size-large\"><img loading=\"lazy\" decoding=\"async\" width=\"600\" height=\"375\" src=\"https:\/\/blogdorogeriogomes.com.br\/wp-content\/uploads\/2021\/07\/IMG-20210708-WA0112.jpg\" alt=\"\" class=\"wp-image-21954\" srcset=\"https:\/\/blogdorogeriogomes.com.br\/noticias\/wp-content\/uploads\/2021\/07\/IMG-20210708-WA0112.jpg 600w, https:\/\/blogdorogeriogomes.com.br\/noticias\/wp-content\/uploads\/2021\/07\/IMG-20210708-WA0112-300x188.jpg 300w\" sizes=\"auto, (max-width: 600px) 100vw, 600px\" \/><\/figure>\n","protected":false},"excerpt":{"rendered":"<p>Foi aprovado nesta quinta-feira, dia 8 de julho, o projeto de lei que altera a estrutura do Comando de Policiamento de Rondas de A\u00e7\u00f5es Intensivas e Ostensivas, o CPRaio, dentro da Pol\u00edcia Militar. A Assembleia Legislativa do Cear\u00e1 autorizou que a unidade, que est\u00e1 h\u00e1 17 anos em atividade, se torne permanente na estrutura da Pol\u00edcia Militar.De acordo com a proposta que foi aprovada com uma emenda, de autoria do deputado Renato Roseno (Psol), os policiais em exerc\u00edcio dever\u00e3o&hellip;<\/p>\n","protected":false},"author":1,"featured_media":21954,"comment_status":"open","ping_status":"open","sticky":false,"template":"","format":"standard","meta":{"footnotes":""},"categories":[1],"tags":[],"class_list":["post-21953","post","type-post","status-publish","format-standard","has-post-thumbnail","hentry","category-noticias"],"_links":{"self":[{"href":"https:\/\/blogdorogeriogomes.com.br\/noticias\/wp-json\/wp\/v2\/posts\/21953","targetHints":{"allow":["GET"]}}],"collection":[{"href":"https:\/\/blogdorogeriogomes.com.br\/noticias\/wp-json\/wp\/v2\/posts"}],"about":[{"href":"https:\/\/blogdorogeriogomes.com.br\/noticias\/wp-json\/wp\/v2\/types\/post"}],"author":[{"embeddable":true,"href":"https:\/\/blogdorogeriogomes.com.br\/noticias\/wp-json\/wp\/v2\/users\/1"}],"replies":[{"embeddable":true,"href":"https:\/\/blogdorogeriogomes.com.br\/noticias\/wp-json\/wp\/v2\/comments?post=21953"}],"version-history":[{"count":1,"href":"https:\/\/blogdorogeriogomes.com.br\/noticias\/wp-json\/wp\/v2\/posts\/21953\/revisions"}],"predecessor-version":[{"id":21955,"href":"https:\/\/blogdorogeriogomes.com.br\/noticias\/wp-json\/wp\/v2\/posts\/21953\/revisions\/21955"}],"wp:featuredmedia":[{"embeddable":true,"href":"https:\/\/blogdorogeriogomes.com.br\/noticias\/wp-json\/wp\/v2\/media\/21954"}],"wp:attachment":[{"href":"https:\/\/blogdorogeriogomes.com.br\/noticias\/wp-json\/wp\/v2\/media?parent=21953"}],"wp:term":[{"taxonomy":"category","embeddable":true,"href":"https:\/\/blogdorogeriogomes.com.br\/noticias\/wp-json\/wp\/v2\/categories?post=21953"},{"taxonomy":"post_tag","embeddable":true,"href":"https:\/\/blogdorogeriogomes.com.br\/noticias\/wp-json\/wp\/v2\/tags?post=21953"}],"curies":[{"name":"wp","href":"https:\/\/api.w.org\/{rel}","templated":true}]}}