{"id":21960,"date":"2021-07-09T18:53:28","date_gmt":"2021-07-09T18:53:28","guid":{"rendered":"https:\/\/blogdorogeriogomes.com.br\/?p=21960"},"modified":"2021-07-13T00:23:51","modified_gmt":"2021-07-13T00:23:51","slug":"novo-decreto-permite-abertura-do-comercio-de-rua-as-9-horas-e-shoppings-a-partir-das-10-horas-no-ceara","status":"publish","type":"post","link":"https:\/\/blogdorogeriogomes.com.br\/noticias\/2021\/07\/novo-decreto-permite-abertura-do-comercio-de-rua-as-9-horas-e-shoppings-a-partir-das-10-horas-no-ceara\/","title":{"rendered":"Novo decreto permite abertura do com\u00e9rcio de rua \u00e0s 9 horas e shoppings a partir das 10 horas no Cear\u00e1"},"content":{"rendered":"\n<p>O governador Camilo Santana (PT) anunciou, nesta sexta-feira, dia 9 de julho, o novo decreto estadual que estabelece as medidas de isolamento social no Estado do Cear\u00e1. Em novo passo da retomada das atividades econ\u00f4micas, o com\u00e9rcio de rua agora passa a funcionar a partir das 9 horas e os shoppings a partir das 10 horas. O toque de recolher permanece de 23 horas \u00e0s 5 horas.<\/p>\n\n\n\n<p>As novidades passam a valer a partir da pr\u00f3xima segunda-feira, 12 de julho, por duas semanas, ou seja, at\u00e9 o dia 26 de julho. Embora o an\u00fancio n\u00e3o tenha entrado em detalhes, h\u00e1 expectativa do setor de eventos para que seja anunciado em breve o protocolo de reabertura das programa\u00e7\u00f5es.<\/p>\n\n\n\n<p>Camilo ressaltou que h\u00e1 preocupa\u00e7\u00e3o sobre a chegada de visitantes de outros estados ao Cear\u00e1 e, diante disso, foi montada uma unidade m\u00f3vel para testagem de Covid-19 no Aeroporto de Fortaleza. O Cear\u00e1 tem apresentado estabilidade no n\u00famero de casos de coronav\u00edrus e queda na ocupa\u00e7\u00e3o de leitos.<\/p>\n\n\n\n<p>&#8220;Estamos preocupados com algumas \u00e1reas de entradas e a principal \u00e9 o Aeroporto (de Fortaleza). Em parceria com a Anvisa, com a Fraport e os Minist\u00e9rios P\u00fablico Federal e Estadual, estamos mantendo o controle sanit\u00e1rio. Estamos fazendo testagem em todos os voos que chegam&#8221;, afirmou o governador.<\/p>\n\n\n\n<figure class=\"wp-block-image size-large\"><img loading=\"lazy\" decoding=\"async\" width=\"678\" height=\"452\" src=\"https:\/\/blogdorogeriogomes.com.br\/wp-content\/uploads\/2021\/07\/images-2021-07-09T155025.651.jpeg\" alt=\"\" class=\"wp-image-21961\" srcset=\"https:\/\/blogdorogeriogomes.com.br\/noticias\/wp-content\/uploads\/2021\/07\/images-2021-07-09T155025.651.jpeg 678w, https:\/\/blogdorogeriogomes.com.br\/noticias\/wp-content\/uploads\/2021\/07\/images-2021-07-09T155025.651-300x200.jpeg 300w\" sizes=\"auto, (max-width: 678px) 100vw, 678px\" \/><\/figure>\n","protected":false},"excerpt":{"rendered":"<p>O governador Camilo Santana (PT) anunciou, nesta sexta-feira, dia 9 de julho, o novo decreto estadual que estabelece as medidas de isolamento social no Estado do Cear\u00e1. Em novo passo da retomada das atividades econ\u00f4micas, o com\u00e9rcio de rua agora passa a funcionar a partir das 9 horas e os shoppings a partir das 10 horas. O toque de recolher permanece de 23 horas \u00e0s 5 horas. As novidades passam a valer a partir da pr\u00f3xima segunda-feira, 12 de&hellip;<\/p>\n","protected":false},"author":1,"featured_media":21961,"comment_status":"open","ping_status":"open","sticky":false,"template":"","format":"standard","meta":{"footnotes":""},"categories":[1],"tags":[],"class_list":["post-21960","post","type-post","status-publish","format-standard","has-post-thumbnail","hentry","category-noticias"],"_links":{"self":[{"href":"https:\/\/blogdorogeriogomes.com.br\/noticias\/wp-json\/wp\/v2\/posts\/21960","targetHints":{"allow":["GET"]}}],"collection":[{"href":"https:\/\/blogdorogeriogomes.com.br\/noticias\/wp-json\/wp\/v2\/posts"}],"about":[{"href":"https:\/\/blogdorogeriogomes.com.br\/noticias\/wp-json\/wp\/v2\/types\/post"}],"author":[{"embeddable":true,"href":"https:\/\/blogdorogeriogomes.com.br\/noticias\/wp-json\/wp\/v2\/users\/1"}],"replies":[{"embeddable":true,"href":"https:\/\/blogdorogeriogomes.com.br\/noticias\/wp-json\/wp\/v2\/comments?post=21960"}],"version-history":[{"count":1,"href":"https:\/\/blogdorogeriogomes.com.br\/noticias\/wp-json\/wp\/v2\/posts\/21960\/revisions"}],"predecessor-version":[{"id":21962,"href":"https:\/\/blogdorogeriogomes.com.br\/noticias\/wp-json\/wp\/v2\/posts\/21960\/revisions\/21962"}],"wp:featuredmedia":[{"embeddable":true,"href":"https:\/\/blogdorogeriogomes.com.br\/noticias\/wp-json\/wp\/v2\/media\/21961"}],"wp:attachment":[{"href":"https:\/\/blogdorogeriogomes.com.br\/noticias\/wp-json\/wp\/v2\/media?parent=21960"}],"wp:term":[{"taxonomy":"category","embeddable":true,"href":"https:\/\/blogdorogeriogomes.com.br\/noticias\/wp-json\/wp\/v2\/categories?post=21960"},{"taxonomy":"post_tag","embeddable":true,"href":"https:\/\/blogdorogeriogomes.com.br\/noticias\/wp-json\/wp\/v2\/tags?post=21960"}],"curies":[{"name":"wp","href":"https:\/\/api.w.org\/{rel}","templated":true}]}}