{"id":21963,"date":"2021-07-09T20:33:19","date_gmt":"2021-07-09T20:33:19","guid":{"rendered":"https:\/\/blogdorogeriogomes.com.br\/?p=21963"},"modified":"2021-07-13T00:23:32","modified_gmt":"2021-07-13T00:23:32","slug":"bolsonaro-chama-barroso-de-imbecil-e-juristas-pedem-impeachment-pacheco-tambem-reagiu-a-militares-aliados-do-governo","status":"publish","type":"post","link":"https:\/\/blogdorogeriogomes.com.br\/noticias\/2021\/07\/bolsonaro-chama-barroso-de-imbecil-e-juristas-pedem-impeachment-pacheco-tambem-reagiu-a-militares-aliados-do-governo\/","title":{"rendered":"Bolsonaro chama Barroso de &#8220;imbecil&#8221; e juristas pedem impeachment. Pacheco tamb\u00e9m reagiu a militares aliados do Governo"},"content":{"rendered":"\n<p>Dando sequ\u00eancia \u00e0s declara\u00e7\u00f5es antidemocr\u00e1ticas, o presidente Jair Bolsonaro (sem partido) chamou o ministro do Supremo Tribunal Federal (STF) e presidente do Tribunal Superior Eleitoral (TSE), Lu\u00eds Roberto Barroso (foto), de &#8220;imbecil&#8221; e &#8220;idiota&#8221;. A fala de Bolsonaro ocorreu nesta quinta-feira, dia 11 de julho, em encontro com apoiadores no Pal\u00e1cio da Alvorada.<\/p>\n\n\n\n<p>O presidente mais uma vez criticou o uso das urnas eletr\u00f4nicas e, sem fundamento algum, disse que as \u00faltimas elei\u00e7\u00f5es foram fraudadas. &#8220;N\u00e3o tenho medo de elei\u00e7\u00f5es, entrego a faixa a quem ganhar, no voto audit\u00e1vel e confi\u00e1vel. Dessa forma, corremos risco de n\u00e3o termos elei\u00e7\u00f5es ano que vem. Futuro de voc\u00eas que est\u00e1 em jogo&#8221;, disse.<\/p>\n\n\n\n<p>Bolsonaro citou a manifesta\u00e7\u00e3o de Barroso contr\u00e1ria ao voto impresso, no que disse ser &#8220;resposta de um imbecil&#8221;. &#8220;Eu lamento falar isso de uma autoridade do STF, s\u00f3 um idiota para fazer isso&#8221;.<\/p>\n\n\n\n<p>Coletivo de juristas, o Grupo Prerrogativas divulgou nota de apoio ao ministro do Supremo e pediu o impeachment de Bolsonaro ap\u00f3s cometer mais um crime de responsabilidade.<\/p>\n\n\n\n<p>&#8220;Nunca a hist\u00f3ria brasileira, mesmo em seus dias mais sombrios, viveu algo parecido. Um Presidente da Rep\u00fablica que n\u00e3o respeita as institui\u00e7\u00f5es, que rasga diariamente a Constitui\u00e7\u00e3o que jurou cumprir, e amea\u00e7a a democracia, n\u00e3o pode mais permanecer um dia sequer no exerc\u00edcio do seu mandato&#8221;, diz a nota do grupo.<\/p>\n\n\n\n<p>O presidente do Senado, Rodrigo Pacheco, tamb\u00e9m se manifestou publicamente sobre um conflito do presidente da CPI da Covid, senador Omar Aziz, com as For\u00e7as Armadas e Jair Bolsonaro. Tudo por causa das cr\u00edticas ao envolvimento de militares com irregularidades no Minist\u00e9rio da Sa\u00fade.<\/p>\n\n\n\n<p>&#8220;Quero aqui afirmar a independ\u00eancia do parlamento brasileiro. A independ\u00eancia do Congresso Nacional, composto por suas duas Casas, o Senado Federal e a C\u00e2mara dos Deputados, que n\u00e3o admitir\u00e1 qualquer atentado a esta sua independ\u00eancia e, sobretudo, \u00e0s prerrogativas dos parlamentares: de palavras, opini\u00f5es e votos, que naturalmente devem ser resguardados em uma democracia&#8221;, afirmou Rodrigo Pacheco.<br><\/p>\n\n\n\n<figure class=\"wp-block-image size-large\"><img loading=\"lazy\" decoding=\"async\" width=\"679\" height=\"452\" src=\"https:\/\/blogdorogeriogomes.com.br\/wp-content\/uploads\/2021\/07\/images-2021-07-09T172535.242.jpeg\" alt=\"\" class=\"wp-image-21964\" srcset=\"https:\/\/blogdorogeriogomes.com.br\/noticias\/wp-content\/uploads\/2021\/07\/images-2021-07-09T172535.242.jpeg 679w, https:\/\/blogdorogeriogomes.com.br\/noticias\/wp-content\/uploads\/2021\/07\/images-2021-07-09T172535.242-300x200.jpeg 300w\" sizes=\"auto, (max-width: 679px) 100vw, 679px\" \/><\/figure>\n\n\n\n<p><br><\/p>\n","protected":false},"excerpt":{"rendered":"<p>Dando sequ\u00eancia \u00e0s declara\u00e7\u00f5es antidemocr\u00e1ticas, o presidente Jair Bolsonaro (sem partido) chamou o ministro do Supremo Tribunal Federal (STF) e presidente do Tribunal Superior Eleitoral (TSE), Lu\u00eds Roberto Barroso (foto), de &#8220;imbecil&#8221; e &#8220;idiota&#8221;. A fala de Bolsonaro ocorreu nesta quinta-feira, dia 11 de julho, em encontro com apoiadores no Pal\u00e1cio da Alvorada. O presidente mais uma vez criticou o uso das urnas eletr\u00f4nicas e, sem fundamento algum, disse que as \u00faltimas elei\u00e7\u00f5es foram fraudadas. &#8220;N\u00e3o tenho medo de&hellip;<\/p>\n","protected":false},"author":1,"featured_media":21964,"comment_status":"open","ping_status":"open","sticky":false,"template":"","format":"standard","meta":{"footnotes":""},"categories":[1],"tags":[],"class_list":["post-21963","post","type-post","status-publish","format-standard","has-post-thumbnail","hentry","category-noticias"],"_links":{"self":[{"href":"https:\/\/blogdorogeriogomes.com.br\/noticias\/wp-json\/wp\/v2\/posts\/21963","targetHints":{"allow":["GET"]}}],"collection":[{"href":"https:\/\/blogdorogeriogomes.com.br\/noticias\/wp-json\/wp\/v2\/posts"}],"about":[{"href":"https:\/\/blogdorogeriogomes.com.br\/noticias\/wp-json\/wp\/v2\/types\/post"}],"author":[{"embeddable":true,"href":"https:\/\/blogdorogeriogomes.com.br\/noticias\/wp-json\/wp\/v2\/users\/1"}],"replies":[{"embeddable":true,"href":"https:\/\/blogdorogeriogomes.com.br\/noticias\/wp-json\/wp\/v2\/comments?post=21963"}],"version-history":[{"count":1,"href":"https:\/\/blogdorogeriogomes.com.br\/noticias\/wp-json\/wp\/v2\/posts\/21963\/revisions"}],"predecessor-version":[{"id":21965,"href":"https:\/\/blogdorogeriogomes.com.br\/noticias\/wp-json\/wp\/v2\/posts\/21963\/revisions\/21965"}],"wp:featuredmedia":[{"embeddable":true,"href":"https:\/\/blogdorogeriogomes.com.br\/noticias\/wp-json\/wp\/v2\/media\/21964"}],"wp:attachment":[{"href":"https:\/\/blogdorogeriogomes.com.br\/noticias\/wp-json\/wp\/v2\/media?parent=21963"}],"wp:term":[{"taxonomy":"category","embeddable":true,"href":"https:\/\/blogdorogeriogomes.com.br\/noticias\/wp-json\/wp\/v2\/categories?post=21963"},{"taxonomy":"post_tag","embeddable":true,"href":"https:\/\/blogdorogeriogomes.com.br\/noticias\/wp-json\/wp\/v2\/tags?post=21963"}],"curies":[{"name":"wp","href":"https:\/\/api.w.org\/{rel}","templated":true}]}}