{"id":21969,"date":"2021-07-12T09:50:40","date_gmt":"2021-07-12T09:50:40","guid":{"rendered":"https:\/\/blogdorogeriogomes.com.br\/?p=21969"},"modified":"2021-07-13T00:23:10","modified_gmt":"2021-07-13T00:23:10","slug":"fortaleza-comeca-a-vacinar-pessoas-nascidas-ate-1990-nesta-segunda-feira","status":"publish","type":"post","link":"https:\/\/blogdorogeriogomes.com.br\/noticias\/2021\/07\/fortaleza-comeca-a-vacinar-pessoas-nascidas-ate-1990-nesta-segunda-feira\/","title":{"rendered":"Fortaleza come\u00e7a a vacinar pessoas nascidas at\u00e9 1990 nesta segunda-feira"},"content":{"rendered":"\n<p>O munic\u00edpio de Fortaleza come\u00e7a, nesta segunda-feira, dia 12 de julho, a vacinar contra a Covid-19 as pessoas nascidas at\u00e9 1990, al\u00e9m de gestantes e pu\u00e9rperas. Na Capital, 374.526 pessoas j\u00e1 foram imunizadas com as duas doses, conforme a Secretaria da Sa\u00fade do Estado do Cear\u00e1. O n\u00famero equivale a 13,9% da popula\u00e7\u00e3o de Fortaleza.<\/p>\n\n\n\n<p>A campanha de vacina\u00e7\u00e3o em Fortaleza conta com 113 pontos de vacina\u00e7\u00e3o. S\u00e3o 100 postos de sa\u00fade, tr\u00eas policl\u00ednicas e seis centros de vacina\u00e7\u00e3o (shoppings RioMar Fortaleza e Riomar Kennedy, North Shopping J\u00f3quei, Centro de Eventos, Sesi Parangaba e Arena Castel\u00e3o), al\u00e9m dos quatro Cucas (Barra do Cear\u00e1, Jangurussu, Mondubim e Jos\u00e9 Walter).<\/p>\n\n\n\n<figure class=\"wp-block-image size-large\"><img loading=\"lazy\" decoding=\"async\" width=\"750\" height=\"500\" src=\"https:\/\/blogdorogeriogomes.com.br\/wp-content\/uploads\/2021\/07\/1_1_fortaleza__ce__brasil__03_07_2021_vacinacao_arena_castelao_12_16301544-16379221.jpg\" alt=\"\" class=\"wp-image-21970\" srcset=\"https:\/\/blogdorogeriogomes.com.br\/noticias\/wp-content\/uploads\/2021\/07\/1_1_fortaleza__ce__brasil__03_07_2021_vacinacao_arena_castelao_12_16301544-16379221.jpg 750w, https:\/\/blogdorogeriogomes.com.br\/noticias\/wp-content\/uploads\/2021\/07\/1_1_fortaleza__ce__brasil__03_07_2021_vacinacao_arena_castelao_12_16301544-16379221-300x200.jpg 300w\" sizes=\"auto, (max-width: 750px) 100vw, 750px\" \/><\/figure>\n\n\n\n<p><br><\/p>\n\n\n\n<p><br><\/p>\n","protected":false},"excerpt":{"rendered":"<p>O munic\u00edpio de Fortaleza come\u00e7a, nesta segunda-feira, dia 12 de julho, a vacinar contra a Covid-19 as pessoas nascidas at\u00e9 1990, al\u00e9m de gestantes e pu\u00e9rperas. Na Capital, 374.526 pessoas j\u00e1 foram imunizadas com as duas doses, conforme a Secretaria da Sa\u00fade do Estado do Cear\u00e1. O n\u00famero equivale a 13,9% da popula\u00e7\u00e3o de Fortaleza. A campanha de vacina\u00e7\u00e3o em Fortaleza conta com 113 pontos de vacina\u00e7\u00e3o. S\u00e3o 100 postos de sa\u00fade, tr\u00eas policl\u00ednicas e seis centros de vacina\u00e7\u00e3o&hellip;<\/p>\n","protected":false},"author":1,"featured_media":21970,"comment_status":"open","ping_status":"open","sticky":false,"template":"","format":"standard","meta":{"footnotes":""},"categories":[1],"tags":[],"class_list":["post-21969","post","type-post","status-publish","format-standard","has-post-thumbnail","hentry","category-noticias"],"_links":{"self":[{"href":"https:\/\/blogdorogeriogomes.com.br\/noticias\/wp-json\/wp\/v2\/posts\/21969","targetHints":{"allow":["GET"]}}],"collection":[{"href":"https:\/\/blogdorogeriogomes.com.br\/noticias\/wp-json\/wp\/v2\/posts"}],"about":[{"href":"https:\/\/blogdorogeriogomes.com.br\/noticias\/wp-json\/wp\/v2\/types\/post"}],"author":[{"embeddable":true,"href":"https:\/\/blogdorogeriogomes.com.br\/noticias\/wp-json\/wp\/v2\/users\/1"}],"replies":[{"embeddable":true,"href":"https:\/\/blogdorogeriogomes.com.br\/noticias\/wp-json\/wp\/v2\/comments?post=21969"}],"version-history":[{"count":1,"href":"https:\/\/blogdorogeriogomes.com.br\/noticias\/wp-json\/wp\/v2\/posts\/21969\/revisions"}],"predecessor-version":[{"id":21971,"href":"https:\/\/blogdorogeriogomes.com.br\/noticias\/wp-json\/wp\/v2\/posts\/21969\/revisions\/21971"}],"wp:featuredmedia":[{"embeddable":true,"href":"https:\/\/blogdorogeriogomes.com.br\/noticias\/wp-json\/wp\/v2\/media\/21970"}],"wp:attachment":[{"href":"https:\/\/blogdorogeriogomes.com.br\/noticias\/wp-json\/wp\/v2\/media?parent=21969"}],"wp:term":[{"taxonomy":"category","embeddable":true,"href":"https:\/\/blogdorogeriogomes.com.br\/noticias\/wp-json\/wp\/v2\/categories?post=21969"},{"taxonomy":"post_tag","embeddable":true,"href":"https:\/\/blogdorogeriogomes.com.br\/noticias\/wp-json\/wp\/v2\/tags?post=21969"}],"curies":[{"name":"wp","href":"https:\/\/api.w.org\/{rel}","templated":true}]}}