{"id":21972,"date":"2021-07-12T10:11:04","date_gmt":"2021-07-12T10:11:04","guid":{"rendered":"https:\/\/blogdorogeriogomes.com.br\/?p=21972"},"modified":"2021-07-13T00:22:58","modified_gmt":"2021-07-13T00:22:58","slug":"semana-tem-inicio-tenso-na-relacao-entre-bolsonaro-e-o-congresso-nacional","status":"publish","type":"post","link":"https:\/\/blogdorogeriogomes.com.br\/noticias\/2021\/07\/semana-tem-inicio-tenso-na-relacao-entre-bolsonaro-e-o-congresso-nacional\/","title":{"rendered":"Semana tem in\u00edcio tenso na rela\u00e7\u00e3o entre Bolsonaro e o Congresso Nacional"},"content":{"rendered":"\n<p>As \u00faltimas declara\u00e7\u00f5es antidemocraticas do presidente Jair Bolsonaro provocaram rea\u00e7\u00e3o dos presidentes do Senado, Rodrigo Pacheco, e da C\u00e2mara dos Deputados, Arthur Lira. E os dois parece que n\u00e3o v\u00e3o recuar do que disseram, o que deve aumentar a tens\u00e3o com o Planalto, apesar de Pacheco e Lira se posicionarem como aliados do presidente da Rep\u00fablica.<\/p>\n\n\n\n<p>Rodrigo Pacheco afirmou que n\u00e3o aceitar\u00e1 retrocessos \u00e0 democracia do pa\u00eds e que quem agir nessa dire\u00e7\u00e3o ser\u00e1 considerado inimigo da na\u00e7\u00e3o. A declara\u00e7\u00e3o irritou Bolsonaro.<\/p>\n\n\n\n<p>J\u00e1 Arthur Lira seguiu a linha de Pacheco. Disse n\u00e3o ter compromisso com intentos antidemocr\u00e1ticos e criticou manifesta\u00e7\u00f5es pol\u00edticas de comandantes militares.<\/p>\n\n\n\n<p>No STF, o ministro Lu\u00eds Roberto Barroso refor\u00e7ou que qualquer tentativa de impedir a realiza\u00e7\u00e3o de elei\u00e7\u00f5es em 2022 \u201cconfigura crime de responsabilidade\u201d.<\/p>\n\n\n\n<p>A tens\u00e3o pol\u00edtica entre os Poderes vai dividir as aten\u00e7\u00f5es com a expectativa de indica\u00e7\u00e3o do ministro da Advocacia-Geral da Uni\u00e3o, Andr\u00e9 Mendon\u00e7a, para a vaga de ministro do STF que surge nesta segunda-feira, dia 12 de julho, com a aposentadoria do ministro Marco Aur\u00e9lio Mello e com o avan\u00e7o da CPI da Covid.<br><\/p>\n\n\n\n<figure class=\"wp-block-image size-large\"><img loading=\"lazy\" decoding=\"async\" width=\"660\" height=\"372\" src=\"https:\/\/blogdorogeriogomes.com.br\/wp-content\/uploads\/2021\/07\/images-2021-07-12T065831.466.jpeg\" alt=\"\" class=\"wp-image-21973\" srcset=\"https:\/\/blogdorogeriogomes.com.br\/noticias\/wp-content\/uploads\/2021\/07\/images-2021-07-12T065831.466.jpeg 660w, https:\/\/blogdorogeriogomes.com.br\/noticias\/wp-content\/uploads\/2021\/07\/images-2021-07-12T065831.466-300x169.jpeg 300w\" sizes=\"auto, (max-width: 660px) 100vw, 660px\" \/><\/figure>\n\n\n\n<p><br><\/p>\n\n\n\n<p><br><\/p>\n","protected":false},"excerpt":{"rendered":"<p>As \u00faltimas declara\u00e7\u00f5es antidemocraticas do presidente Jair Bolsonaro provocaram rea\u00e7\u00e3o dos presidentes do Senado, Rodrigo Pacheco, e da C\u00e2mara dos Deputados, Arthur Lira. E os dois parece que n\u00e3o v\u00e3o recuar do que disseram, o que deve aumentar a tens\u00e3o com o Planalto, apesar de Pacheco e Lira se posicionarem como aliados do presidente da Rep\u00fablica. Rodrigo Pacheco afirmou que n\u00e3o aceitar\u00e1 retrocessos \u00e0 democracia do pa\u00eds e que quem agir nessa dire\u00e7\u00e3o ser\u00e1 considerado inimigo da na\u00e7\u00e3o. A&hellip;<\/p>\n","protected":false},"author":1,"featured_media":21973,"comment_status":"open","ping_status":"open","sticky":false,"template":"","format":"standard","meta":{"footnotes":""},"categories":[1],"tags":[],"class_list":["post-21972","post","type-post","status-publish","format-standard","has-post-thumbnail","hentry","category-noticias"],"_links":{"self":[{"href":"https:\/\/blogdorogeriogomes.com.br\/noticias\/wp-json\/wp\/v2\/posts\/21972","targetHints":{"allow":["GET"]}}],"collection":[{"href":"https:\/\/blogdorogeriogomes.com.br\/noticias\/wp-json\/wp\/v2\/posts"}],"about":[{"href":"https:\/\/blogdorogeriogomes.com.br\/noticias\/wp-json\/wp\/v2\/types\/post"}],"author":[{"embeddable":true,"href":"https:\/\/blogdorogeriogomes.com.br\/noticias\/wp-json\/wp\/v2\/users\/1"}],"replies":[{"embeddable":true,"href":"https:\/\/blogdorogeriogomes.com.br\/noticias\/wp-json\/wp\/v2\/comments?post=21972"}],"version-history":[{"count":1,"href":"https:\/\/blogdorogeriogomes.com.br\/noticias\/wp-json\/wp\/v2\/posts\/21972\/revisions"}],"predecessor-version":[{"id":21974,"href":"https:\/\/blogdorogeriogomes.com.br\/noticias\/wp-json\/wp\/v2\/posts\/21972\/revisions\/21974"}],"wp:featuredmedia":[{"embeddable":true,"href":"https:\/\/blogdorogeriogomes.com.br\/noticias\/wp-json\/wp\/v2\/media\/21973"}],"wp:attachment":[{"href":"https:\/\/blogdorogeriogomes.com.br\/noticias\/wp-json\/wp\/v2\/media?parent=21972"}],"wp:term":[{"taxonomy":"category","embeddable":true,"href":"https:\/\/blogdorogeriogomes.com.br\/noticias\/wp-json\/wp\/v2\/categories?post=21972"},{"taxonomy":"post_tag","embeddable":true,"href":"https:\/\/blogdorogeriogomes.com.br\/noticias\/wp-json\/wp\/v2\/tags?post=21972"}],"curies":[{"name":"wp","href":"https:\/\/api.w.org\/{rel}","templated":true}]}}