{"id":21978,"date":"2021-07-12T20:45:00","date_gmt":"2021-07-12T20:45:00","guid":{"rendered":"https:\/\/blogdorogeriogomes.com.br\/?p=21978"},"modified":"2021-07-13T00:22:39","modified_gmt":"2021-07-13T00:22:39","slug":"camilo-e-sarto-cobram-apuracao-rigorosa-e-rapida-no-caso-de-agressao-do-dj-ivis-contra-a-esposa","status":"publish","type":"post","link":"https:\/\/blogdorogeriogomes.com.br\/noticias\/2021\/07\/camilo-e-sarto-cobram-apuracao-rigorosa-e-rapida-no-caso-de-agressao-do-dj-ivis-contra-a-esposa\/","title":{"rendered":"Camilo e Sarto cobram apura\u00e7\u00e3o rigorosa e r\u00e1pida no caso de agress\u00e3o do DJ Ivis contra a esposa"},"content":{"rendered":"\n<p>Pol\u00edticos cearenses de diferentes partidos manifestaram rep\u00fadio pelo caso de agress\u00e3o sofrido por Pamella Holanda, divulgado no \u00faltimo domingo, dia 11 de julho, nas redes sociais em v\u00eddeo onde ela aparece sendo agredida pelo marido, Iverson de Souza Ara\u00fajo, conhecido como DJ Ivis. O governador Camilo Santana (PT) e o prefeito de Fortaleza, Jos\u00e9 Sarto (PDT) e v\u00e1rios parlamentares cearenses que comentaram o caso nas redes sociais. Os dois cobraram rigor e rapidez na apura\u00e7\u00e3o do caso que ganhou repercuss\u00e3o nacional pela viol\u00eancia contra mulher registrada nas imagens das c\u00e2meras instaladas na resid\u00eancia do casal. O Minist\u00e9rio P\u00fablico Estadual vai acompanhar a investiga\u00e7\u00e3o das agress\u00f5es do m\u00fasico contra a esposa.<br>Al\u00e9m de classificar o ocorrido como \u201crepugnante\u201d, Camilo Santana disse no Twitter que, no que diz respeito ao Governo do Estado, sua determina\u00e7\u00e3o \u00e9 para que a pol\u00edcia \u201cd\u00ea uma resposta r\u00e1pida e efetiva ao caso, e que nossa Secretaria de Prote\u00e7\u00e3o Social, atrav\u00e9s da Casa da Mulher Brasileira, atue de imediato para apoiar e ajudar a v\u00edtima\u201d.<\/p>\n\n\n\n<figure class=\"wp-block-image size-large\"><img loading=\"lazy\" decoding=\"async\" width=\"420\" height=\"280\" src=\"https:\/\/blogdorogeriogomes.com.br\/wp-content\/uploads\/2021\/07\/images-2021-07-12T173858.204.jpeg\" alt=\"\" class=\"wp-image-21979\" srcset=\"https:\/\/blogdorogeriogomes.com.br\/noticias\/wp-content\/uploads\/2021\/07\/images-2021-07-12T173858.204.jpeg 420w, https:\/\/blogdorogeriogomes.com.br\/noticias\/wp-content\/uploads\/2021\/07\/images-2021-07-12T173858.204-300x200.jpeg 300w\" sizes=\"auto, (max-width: 420px) 100vw, 420px\" \/><\/figure>\n","protected":false},"excerpt":{"rendered":"<p>Pol\u00edticos cearenses de diferentes partidos manifestaram rep\u00fadio pelo caso de agress\u00e3o sofrido por Pamella Holanda, divulgado no \u00faltimo domingo, dia 11 de julho, nas redes sociais em v\u00eddeo onde ela aparece sendo agredida pelo marido, Iverson de Souza Ara\u00fajo, conhecido como DJ Ivis. O governador Camilo Santana (PT) e o prefeito de Fortaleza, Jos\u00e9 Sarto (PDT) e v\u00e1rios parlamentares cearenses que comentaram o caso nas redes sociais. Os dois cobraram rigor e rapidez na apura\u00e7\u00e3o do caso que ganhou&hellip;<\/p>\n","protected":false},"author":1,"featured_media":21979,"comment_status":"open","ping_status":"open","sticky":false,"template":"","format":"standard","meta":{"footnotes":""},"categories":[1],"tags":[],"class_list":["post-21978","post","type-post","status-publish","format-standard","has-post-thumbnail","hentry","category-noticias"],"_links":{"self":[{"href":"https:\/\/blogdorogeriogomes.com.br\/noticias\/wp-json\/wp\/v2\/posts\/21978","targetHints":{"allow":["GET"]}}],"collection":[{"href":"https:\/\/blogdorogeriogomes.com.br\/noticias\/wp-json\/wp\/v2\/posts"}],"about":[{"href":"https:\/\/blogdorogeriogomes.com.br\/noticias\/wp-json\/wp\/v2\/types\/post"}],"author":[{"embeddable":true,"href":"https:\/\/blogdorogeriogomes.com.br\/noticias\/wp-json\/wp\/v2\/users\/1"}],"replies":[{"embeddable":true,"href":"https:\/\/blogdorogeriogomes.com.br\/noticias\/wp-json\/wp\/v2\/comments?post=21978"}],"version-history":[{"count":1,"href":"https:\/\/blogdorogeriogomes.com.br\/noticias\/wp-json\/wp\/v2\/posts\/21978\/revisions"}],"predecessor-version":[{"id":21980,"href":"https:\/\/blogdorogeriogomes.com.br\/noticias\/wp-json\/wp\/v2\/posts\/21978\/revisions\/21980"}],"wp:featuredmedia":[{"embeddable":true,"href":"https:\/\/blogdorogeriogomes.com.br\/noticias\/wp-json\/wp\/v2\/media\/21979"}],"wp:attachment":[{"href":"https:\/\/blogdorogeriogomes.com.br\/noticias\/wp-json\/wp\/v2\/media?parent=21978"}],"wp:term":[{"taxonomy":"category","embeddable":true,"href":"https:\/\/blogdorogeriogomes.com.br\/noticias\/wp-json\/wp\/v2\/categories?post=21978"},{"taxonomy":"post_tag","embeddable":true,"href":"https:\/\/blogdorogeriogomes.com.br\/noticias\/wp-json\/wp\/v2\/tags?post=21978"}],"curies":[{"name":"wp","href":"https:\/\/api.w.org\/{rel}","templated":true}]}}