{"id":21987,"date":"2021-07-13T09:41:08","date_gmt":"2021-07-13T09:41:08","guid":{"rendered":"https:\/\/blogdorogeriogomes.com.br\/?p=21987"},"modified":"2021-07-13T21:51:50","modified_gmt":"2021-07-13T21:51:50","slug":"fux-alerta-bolsonaro-em-reuniao-sobre-respeito-a-constituicao-nome-de-andre-mendonca-e-confirmado-para-vaga-no-stf","status":"publish","type":"post","link":"https:\/\/blogdorogeriogomes.com.br\/noticias\/2021\/07\/fux-alerta-bolsonaro-em-reuniao-sobre-respeito-a-constituicao-nome-de-andre-mendonca-e-confirmado-para-vaga-no-stf\/","title":{"rendered":"Fux alerta Bolsonaro em reuni\u00e3o sobre respeito \u00e0 Constitui\u00e7\u00e3o. Nome de Andr\u00e9 Mendon\u00e7a \u00e9 confirmado para vaga no STF"},"content":{"rendered":"\n<p>O presidente do Supremo Tribunal Federal, Luiz Fux, convidou o presidente da Rep\u00fablica, Jair Bolsonaro, nesta segunda-feira, dia 12 de julho, para uma reuni\u00e3o que durou 20 minutos. A conversa foi r\u00e1pida e objetiva. O presidente do STF reafirmou a Bolsonaro o respeito ao que diz a Constitui\u00e7\u00e3o sobre a independ\u00eancia dos Poderes Judici\u00e1rio e Legislativo. O Presidente da Rep\u00fablica tem refor\u00e7ado, nos \u00faltimos dias, a sua linha de declara\u00e7\u00f5es antidemocraticas e de amea\u00e7as golpistas, insinuando ter apoio das For\u00e7as Armadas. Uma estrat\u00e9gia j\u00e1 conhecida do Planalto para tirar o foco das investiga\u00e7\u00f5es da CPI da Covid e de outras irregularidades envolvendo a Fam\u00edlia Bolsonaro.<\/p>\n\n\n\n<p>No encontro com Fux, Bolsonaro confirmou a indica\u00e7\u00e3o do advogado geral da Uni\u00e3o, Andr\u00e9 Mendon\u00e7a, para a vaga de Marco Aur\u00e9lio Mello no STF, que se aposentou nesta segunda-feira. Mendon\u00e7a ainda ter\u00e1 de passar por sabatina no Senado Federal, que ainda n\u00e3o tem data marcada para acontecer. <\/p>\n\n\n\n<figure class=\"wp-block-image size-large\"><img loading=\"lazy\" decoding=\"async\" width=\"715\" height=\"429\" src=\"https:\/\/blogdorogeriogomes.com.br\/wp-content\/uploads\/2021\/07\/IMG-20210712-WA0151.jpg\" alt=\"\" class=\"wp-image-21988\" srcset=\"https:\/\/blogdorogeriogomes.com.br\/noticias\/wp-content\/uploads\/2021\/07\/IMG-20210712-WA0151.jpg 715w, https:\/\/blogdorogeriogomes.com.br\/noticias\/wp-content\/uploads\/2021\/07\/IMG-20210712-WA0151-300x180.jpg 300w\" sizes=\"auto, (max-width: 715px) 100vw, 715px\" \/><\/figure>\n","protected":false},"excerpt":{"rendered":"<p>O presidente do Supremo Tribunal Federal, Luiz Fux, convidou o presidente da Rep\u00fablica, Jair Bolsonaro, nesta segunda-feira, dia 12 de julho, para uma reuni\u00e3o que durou 20 minutos. A conversa foi r\u00e1pida e objetiva. O presidente do STF reafirmou a Bolsonaro o respeito ao que diz a Constitui\u00e7\u00e3o sobre a independ\u00eancia dos Poderes Judici\u00e1rio e Legislativo. O Presidente da Rep\u00fablica tem refor\u00e7ado, nos \u00faltimos dias, a sua linha de declara\u00e7\u00f5es antidemocraticas e de amea\u00e7as golpistas, insinuando ter apoio das&hellip;<\/p>\n","protected":false},"author":1,"featured_media":21988,"comment_status":"open","ping_status":"open","sticky":false,"template":"","format":"standard","meta":{"footnotes":""},"categories":[1],"tags":[],"class_list":["post-21987","post","type-post","status-publish","format-standard","has-post-thumbnail","hentry","category-noticias"],"_links":{"self":[{"href":"https:\/\/blogdorogeriogomes.com.br\/noticias\/wp-json\/wp\/v2\/posts\/21987","targetHints":{"allow":["GET"]}}],"collection":[{"href":"https:\/\/blogdorogeriogomes.com.br\/noticias\/wp-json\/wp\/v2\/posts"}],"about":[{"href":"https:\/\/blogdorogeriogomes.com.br\/noticias\/wp-json\/wp\/v2\/types\/post"}],"author":[{"embeddable":true,"href":"https:\/\/blogdorogeriogomes.com.br\/noticias\/wp-json\/wp\/v2\/users\/1"}],"replies":[{"embeddable":true,"href":"https:\/\/blogdorogeriogomes.com.br\/noticias\/wp-json\/wp\/v2\/comments?post=21987"}],"version-history":[{"count":1,"href":"https:\/\/blogdorogeriogomes.com.br\/noticias\/wp-json\/wp\/v2\/posts\/21987\/revisions"}],"predecessor-version":[{"id":21989,"href":"https:\/\/blogdorogeriogomes.com.br\/noticias\/wp-json\/wp\/v2\/posts\/21987\/revisions\/21989"}],"wp:featuredmedia":[{"embeddable":true,"href":"https:\/\/blogdorogeriogomes.com.br\/noticias\/wp-json\/wp\/v2\/media\/21988"}],"wp:attachment":[{"href":"https:\/\/blogdorogeriogomes.com.br\/noticias\/wp-json\/wp\/v2\/media?parent=21987"}],"wp:term":[{"taxonomy":"category","embeddable":true,"href":"https:\/\/blogdorogeriogomes.com.br\/noticias\/wp-json\/wp\/v2\/categories?post=21987"},{"taxonomy":"post_tag","embeddable":true,"href":"https:\/\/blogdorogeriogomes.com.br\/noticias\/wp-json\/wp\/v2\/tags?post=21987"}],"curies":[{"name":"wp","href":"https:\/\/api.w.org\/{rel}","templated":true}]}}