{"id":21993,"date":"2021-07-13T17:49:49","date_gmt":"2021-07-13T17:49:49","guid":{"rendered":"https:\/\/blogdorogeriogomes.com.br\/?p=21993"},"modified":"2021-07-13T21:51:30","modified_gmt":"2021-07-13T21:51:30","slug":"governo-do-ceara-vai-pagar-metade-do-salario-minimo-de-novos-profissionais-a-serem-contratados-por-empresas","status":"publish","type":"post","link":"https:\/\/blogdorogeriogomes.com.br\/noticias\/2021\/07\/governo-do-ceara-vai-pagar-metade-do-salario-minimo-de-novos-profissionais-a-serem-contratados-por-empresas\/","title":{"rendered":"Governo do Cear\u00e1 vai pagar metade do sal\u00e1rio m\u00ednimo de novos profissionais a serem contratados por empresas"},"content":{"rendered":"\n<p>O governador Camilo Santana (PT) anunciou nesta ter\u00e7a-feira, dia 13 de julho, uma nova medida que prev\u00ea o pagamento de metade do sal\u00e1rio m\u00ednimo de 20 mil profissionais a serem contratados por empresas no Cear\u00e1. A a\u00e7\u00e3o tem por objetivo incentivar a gera\u00e7\u00e3o de empregos na retomada do desenvolvimento econ\u00f4mico no Estado. Ser\u00e3o contemplados os setores de com\u00e9rcio e servi\u00e7os.<\/p>\n\n\n\n<p>Camilo detalhou que o projeto de lei ser\u00e1 encaminhado para a Assembleia Legislativa at\u00e9 esta quarta-feira, dia 14, e ser\u00e1 votado em regime de urg\u00eancia.<\/p>\n\n\n\n<p>&#8220;O que eu puder fazer n\u00e3o s\u00f3 pra atrair empresas pro Cear\u00e1, mas criar pol\u00edticas que possam estimular, incentivar cr\u00e9dito empresa cearense, n\u00f3s vamos fazer pra garantir o t\u00e3o sonhado sonho das pessoas serem viverem com dignidade, ter um emprego e sustentar seus familiares&#8221;, afirmou.<\/p>\n\n\n\n<p>Sobre a vacina\u00e7\u00e3o nos munic\u00edpios cearenses, Camilo informou que cobrou o ministro da Sa\u00fade, Marcelo Queiroga, junto a outros governadores, o cumprimento do cronograma de envio das vacinas aos estados, al\u00e9m de debater a viabilidade de antecipa\u00e7\u00e3o da 2\u00aa dose. O governador ressaltou que o prazo de entrega vem sendo &#8220;sistematicamente descumprido&#8221;.<\/p>\n\n\n\n<figure class=\"wp-block-image size-large\"><img loading=\"lazy\" decoding=\"async\" width=\"678\" height=\"452\" src=\"https:\/\/blogdorogeriogomes.com.br\/wp-content\/uploads\/2021\/07\/images-2021-07-13T144731.975.jpeg\" alt=\"\" class=\"wp-image-21994\" srcset=\"https:\/\/blogdorogeriogomes.com.br\/noticias\/wp-content\/uploads\/2021\/07\/images-2021-07-13T144731.975.jpeg 678w, https:\/\/blogdorogeriogomes.com.br\/noticias\/wp-content\/uploads\/2021\/07\/images-2021-07-13T144731.975-300x200.jpeg 300w\" sizes=\"auto, (max-width: 678px) 100vw, 678px\" \/><\/figure>\n","protected":false},"excerpt":{"rendered":"<p>O governador Camilo Santana (PT) anunciou nesta ter\u00e7a-feira, dia 13 de julho, uma nova medida que prev\u00ea o pagamento de metade do sal\u00e1rio m\u00ednimo de 20 mil profissionais a serem contratados por empresas no Cear\u00e1. A a\u00e7\u00e3o tem por objetivo incentivar a gera\u00e7\u00e3o de empregos na retomada do desenvolvimento econ\u00f4mico no Estado. Ser\u00e3o contemplados os setores de com\u00e9rcio e servi\u00e7os. Camilo detalhou que o projeto de lei ser\u00e1 encaminhado para a Assembleia Legislativa at\u00e9 esta quarta-feira, dia 14, e&hellip;<\/p>\n","protected":false},"author":1,"featured_media":21994,"comment_status":"open","ping_status":"open","sticky":false,"template":"","format":"standard","meta":{"footnotes":""},"categories":[1],"tags":[],"class_list":["post-21993","post","type-post","status-publish","format-standard","has-post-thumbnail","hentry","category-noticias"],"_links":{"self":[{"href":"https:\/\/blogdorogeriogomes.com.br\/noticias\/wp-json\/wp\/v2\/posts\/21993","targetHints":{"allow":["GET"]}}],"collection":[{"href":"https:\/\/blogdorogeriogomes.com.br\/noticias\/wp-json\/wp\/v2\/posts"}],"about":[{"href":"https:\/\/blogdorogeriogomes.com.br\/noticias\/wp-json\/wp\/v2\/types\/post"}],"author":[{"embeddable":true,"href":"https:\/\/blogdorogeriogomes.com.br\/noticias\/wp-json\/wp\/v2\/users\/1"}],"replies":[{"embeddable":true,"href":"https:\/\/blogdorogeriogomes.com.br\/noticias\/wp-json\/wp\/v2\/comments?post=21993"}],"version-history":[{"count":1,"href":"https:\/\/blogdorogeriogomes.com.br\/noticias\/wp-json\/wp\/v2\/posts\/21993\/revisions"}],"predecessor-version":[{"id":21995,"href":"https:\/\/blogdorogeriogomes.com.br\/noticias\/wp-json\/wp\/v2\/posts\/21993\/revisions\/21995"}],"wp:featuredmedia":[{"embeddable":true,"href":"https:\/\/blogdorogeriogomes.com.br\/noticias\/wp-json\/wp\/v2\/media\/21994"}],"wp:attachment":[{"href":"https:\/\/blogdorogeriogomes.com.br\/noticias\/wp-json\/wp\/v2\/media?parent=21993"}],"wp:term":[{"taxonomy":"category","embeddable":true,"href":"https:\/\/blogdorogeriogomes.com.br\/noticias\/wp-json\/wp\/v2\/categories?post=21993"},{"taxonomy":"post_tag","embeddable":true,"href":"https:\/\/blogdorogeriogomes.com.br\/noticias\/wp-json\/wp\/v2\/tags?post=21993"}],"curies":[{"name":"wp","href":"https:\/\/api.w.org\/{rel}","templated":true}]}}