{"id":21996,"date":"2021-07-13T23:56:51","date_gmt":"2021-07-13T23:56:51","guid":{"rendered":"https:\/\/blogdorogeriogomes.com.br\/?p=21996"},"modified":"2021-07-16T10:49:46","modified_gmt":"2021-07-16T10:49:46","slug":"apos-idas-e-vindas-diretora-da-precisa-medicamentos-tem-depoimento-remarcado-para-esta-quarta-feira-na-cpi-da-covid","status":"publish","type":"post","link":"https:\/\/blogdorogeriogomes.com.br\/noticias\/2021\/07\/apos-idas-e-vindas-diretora-da-precisa-medicamentos-tem-depoimento-remarcado-para-esta-quarta-feira-na-cpi-da-covid\/","title":{"rendered":"Ap\u00f3s idas e vindas, diretora da Precisa Medicamentos tem depoimento remarcado para esta quarta-feira na CPI da Covid"},"content":{"rendered":"\n<p>A CPI da Covid recebeu para depor, nesta ter\u00e7a-feira, dia 13 de julho, a diretora da Precisa Medicamentos, Emanuela Medrades. A sess\u00e3o come\u00e7ou pela manh\u00e3 e foi logo marcada por tens\u00f5es, visto que Emanuela obteve no Supremo Tribunal Federal (STF) o direito de n\u00e3o produzir provas contra si, e assim se negou a responder as perguntas dos senadores.<\/p>\n\n\n\n<p>Ap\u00f3s a comiss\u00e3o recorrer da decis\u00e3o do ministro Luiz Fux, a oitiva foi retomada \u00e0 noite, mas a depoente alegou cansa\u00e7o e o presidente da CPI, Omar Aziz (PSD), remarcou o depoimento para esta quarta-feira, dia 14.<\/p>\n\n\n\n<p>A Precisa Medicamentos entrou no inqu\u00e9rito ap\u00f3s a den\u00fancia de irregularidades nas negocia\u00e7\u00f5es com o Minist\u00e9rio da Sa\u00fade para aquisi\u00e7\u00e3o de doses da vacina indiana Covaxin.<\/p>\n\n\n\n<p>Depois das tens\u00f5es da sess\u00e3o com Emanuele, a CPI encaminhou junto ao STF o aval para agir contra o sil\u00eancio de depoentes que forem ao Senado Federal. Fux acolheu os embargos da comiss\u00e3o e defendeu que nenhum direito \u00e9 absoluto, cabendo \u00e0 CPI avaliar se o depoente abusa da prerrogativa ou n\u00e3o. Al\u00e9m disso, as quebras de sigilo de alvos do inqu\u00e9rito seguem mantidas.<\/p>\n\n\n\n<figure class=\"wp-block-image size-large\"><img loading=\"lazy\" decoding=\"async\" width=\"860\" height=\"570\" src=\"https:\/\/blogdorogeriogomes.com.br\/wp-content\/uploads\/2021\/07\/imagem_materia-1.jpeg\" alt=\"\" class=\"wp-image-21997\" srcset=\"https:\/\/blogdorogeriogomes.com.br\/noticias\/wp-content\/uploads\/2021\/07\/imagem_materia-1.jpeg 860w, https:\/\/blogdorogeriogomes.com.br\/noticias\/wp-content\/uploads\/2021\/07\/imagem_materia-1-300x199.jpeg 300w, https:\/\/blogdorogeriogomes.com.br\/noticias\/wp-content\/uploads\/2021\/07\/imagem_materia-1-768x509.jpeg 768w, https:\/\/blogdorogeriogomes.com.br\/noticias\/wp-content\/uploads\/2021\/07\/imagem_materia-1-800x530.jpeg 800w\" sizes=\"auto, (max-width: 860px) 100vw, 860px\" \/><\/figure>\n","protected":false},"excerpt":{"rendered":"<p>A CPI da Covid recebeu para depor, nesta ter\u00e7a-feira, dia 13 de julho, a diretora da Precisa Medicamentos, Emanuela Medrades. A sess\u00e3o come\u00e7ou pela manh\u00e3 e foi logo marcada por tens\u00f5es, visto que Emanuela obteve no Supremo Tribunal Federal (STF) o direito de n\u00e3o produzir provas contra si, e assim se negou a responder as perguntas dos senadores. Ap\u00f3s a comiss\u00e3o recorrer da decis\u00e3o do ministro Luiz Fux, a oitiva foi retomada \u00e0 noite, mas a depoente alegou cansa\u00e7o&hellip;<\/p>\n","protected":false},"author":1,"featured_media":21997,"comment_status":"open","ping_status":"open","sticky":false,"template":"","format":"standard","meta":{"footnotes":""},"categories":[1],"tags":[],"class_list":["post-21996","post","type-post","status-publish","format-standard","has-post-thumbnail","hentry","category-noticias"],"_links":{"self":[{"href":"https:\/\/blogdorogeriogomes.com.br\/noticias\/wp-json\/wp\/v2\/posts\/21996","targetHints":{"allow":["GET"]}}],"collection":[{"href":"https:\/\/blogdorogeriogomes.com.br\/noticias\/wp-json\/wp\/v2\/posts"}],"about":[{"href":"https:\/\/blogdorogeriogomes.com.br\/noticias\/wp-json\/wp\/v2\/types\/post"}],"author":[{"embeddable":true,"href":"https:\/\/blogdorogeriogomes.com.br\/noticias\/wp-json\/wp\/v2\/users\/1"}],"replies":[{"embeddable":true,"href":"https:\/\/blogdorogeriogomes.com.br\/noticias\/wp-json\/wp\/v2\/comments?post=21996"}],"version-history":[{"count":1,"href":"https:\/\/blogdorogeriogomes.com.br\/noticias\/wp-json\/wp\/v2\/posts\/21996\/revisions"}],"predecessor-version":[{"id":21998,"href":"https:\/\/blogdorogeriogomes.com.br\/noticias\/wp-json\/wp\/v2\/posts\/21996\/revisions\/21998"}],"wp:featuredmedia":[{"embeddable":true,"href":"https:\/\/blogdorogeriogomes.com.br\/noticias\/wp-json\/wp\/v2\/media\/21997"}],"wp:attachment":[{"href":"https:\/\/blogdorogeriogomes.com.br\/noticias\/wp-json\/wp\/v2\/media?parent=21996"}],"wp:term":[{"taxonomy":"category","embeddable":true,"href":"https:\/\/blogdorogeriogomes.com.br\/noticias\/wp-json\/wp\/v2\/categories?post=21996"},{"taxonomy":"post_tag","embeddable":true,"href":"https:\/\/blogdorogeriogomes.com.br\/noticias\/wp-json\/wp\/v2\/tags?post=21996"}],"curies":[{"name":"wp","href":"https:\/\/api.w.org\/{rel}","templated":true}]}}