{"id":21999,"date":"2021-07-14T09:39:10","date_gmt":"2021-07-14T09:39:10","guid":{"rendered":"https:\/\/blogdorogeriogomes.com.br\/?p=21999"},"modified":"2021-07-16T10:47:17","modified_gmt":"2021-07-16T10:47:17","slug":"evandro-leitao-e-andre-figueiredo-defendem-a-manutencao-da-alianca-do-pdt-com-o-pt-no-ceara","status":"publish","type":"post","link":"https:\/\/blogdorogeriogomes.com.br\/noticias\/2021\/07\/evandro-leitao-e-andre-figueiredo-defendem-a-manutencao-da-alianca-do-pdt-com-o-pt-no-ceara\/","title":{"rendered":"Evandro Leit\u00e3o e  Andr\u00e9 Figueiredo defendem a manuten\u00e7\u00e3o da alian\u00e7a do PDT com o PT no Cear\u00e1"},"content":{"rendered":"\n<p>Os pr\u00e9 candidatos \u00e0 Presid\u00eancia da Rep\u00fablica, Lula (PT) e Ciro Gomes (PDT), se movimentam para as elei\u00e7\u00f5es de 2022. Mas no cen\u00e1rio da pol\u00edtica local, o presidente da Assembleia Legislativa do Cear\u00e1,&nbsp;Evandro Leit\u00e3o (PDT), defende a manuten\u00e7\u00e3o da alian\u00e7a entre PT e PDT no Estado para o pr\u00f3ximo ano. Em entrevista ao O POVO, Leit\u00e3o afirmou: \u201cO PT \u00e9 um aliado do PDT j\u00e1 h\u00e1 alguns anos. \u00c9 um projeto exitoso, iniciou l\u00e1 atr\u00e1s em Sobral, em 2004. Temos resultados importantes na \u00e1rea da educa\u00e7\u00e3o e na sa\u00fade. Por isso \u00e9 importante que estejamos juntos. Precisamos dar continuidade a esse projeto com ambos os partidos, tanto PT quanto PDT\u201d.<\/p>\n\n\n\n<p>J\u00e1 o deputado federal e presidente estadual do PDT no Cear\u00e1, Andr\u00e9 Figueiredo, tamb\u00e9m tem a mesma an\u00e1lise de Evandro Leit\u00e3o. Ele&nbsp;acredita que haver\u00e1 continuidade da alian\u00e7a na sucess\u00e3o do governador&nbsp;Camilo Santana (PT), mesmo com PT e PDT tendo candidaturas diferentes para a presid\u00eancia da Rep\u00fablica. Andr\u00e9 ainda refor\u00e7a que Camilo Santana ser\u00e1 o candidato que o PDT vai apoiar na disputa pela \u00fanica vaga de senador em 2022.<\/p>\n\n\n\n<figure class=\"wp-block-image size-large\"><img loading=\"lazy\" decoding=\"async\" width=\"1024\" height=\"1024\" src=\"https:\/\/blogdorogeriogomes.com.br\/wp-content\/uploads\/2021\/07\/IMG-20210714-WA0010-1024x1024.jpg\" alt=\"\" class=\"wp-image-22000\" srcset=\"https:\/\/blogdorogeriogomes.com.br\/noticias\/wp-content\/uploads\/2021\/07\/IMG-20210714-WA0010-1024x1024.jpg 1024w, https:\/\/blogdorogeriogomes.com.br\/noticias\/wp-content\/uploads\/2021\/07\/IMG-20210714-WA0010-300x300.jpg 300w, https:\/\/blogdorogeriogomes.com.br\/noticias\/wp-content\/uploads\/2021\/07\/IMG-20210714-WA0010-150x150.jpg 150w, https:\/\/blogdorogeriogomes.com.br\/noticias\/wp-content\/uploads\/2021\/07\/IMG-20210714-WA0010-768x768.jpg 768w, https:\/\/blogdorogeriogomes.com.br\/noticias\/wp-content\/uploads\/2021\/07\/IMG-20210714-WA0010-800x800.jpg 800w, https:\/\/blogdorogeriogomes.com.br\/noticias\/wp-content\/uploads\/2021\/07\/IMG-20210714-WA0010-250x250.jpg 250w, https:\/\/blogdorogeriogomes.com.br\/noticias\/wp-content\/uploads\/2021\/07\/IMG-20210714-WA0010.jpg 1080w\" sizes=\"auto, (max-width: 1024px) 100vw, 1024px\" \/><\/figure>\n","protected":false},"excerpt":{"rendered":"<p>Os pr\u00e9 candidatos \u00e0 Presid\u00eancia da Rep\u00fablica, Lula (PT) e Ciro Gomes (PDT), se movimentam para as elei\u00e7\u00f5es de 2022. Mas no cen\u00e1rio da pol\u00edtica local, o presidente da Assembleia Legislativa do Cear\u00e1,&nbsp;Evandro Leit\u00e3o (PDT), defende a manuten\u00e7\u00e3o da alian\u00e7a entre PT e PDT no Estado para o pr\u00f3ximo ano. Em entrevista ao O POVO, Leit\u00e3o afirmou: \u201cO PT \u00e9 um aliado do PDT j\u00e1 h\u00e1 alguns anos. \u00c9 um projeto exitoso, iniciou l\u00e1 atr\u00e1s em Sobral, em 2004.&hellip;<\/p>\n","protected":false},"author":1,"featured_media":22000,"comment_status":"open","ping_status":"open","sticky":false,"template":"","format":"standard","meta":{"footnotes":""},"categories":[1],"tags":[],"class_list":["post-21999","post","type-post","status-publish","format-standard","has-post-thumbnail","hentry","category-noticias"],"_links":{"self":[{"href":"https:\/\/blogdorogeriogomes.com.br\/noticias\/wp-json\/wp\/v2\/posts\/21999","targetHints":{"allow":["GET"]}}],"collection":[{"href":"https:\/\/blogdorogeriogomes.com.br\/noticias\/wp-json\/wp\/v2\/posts"}],"about":[{"href":"https:\/\/blogdorogeriogomes.com.br\/noticias\/wp-json\/wp\/v2\/types\/post"}],"author":[{"embeddable":true,"href":"https:\/\/blogdorogeriogomes.com.br\/noticias\/wp-json\/wp\/v2\/users\/1"}],"replies":[{"embeddable":true,"href":"https:\/\/blogdorogeriogomes.com.br\/noticias\/wp-json\/wp\/v2\/comments?post=21999"}],"version-history":[{"count":2,"href":"https:\/\/blogdorogeriogomes.com.br\/noticias\/wp-json\/wp\/v2\/posts\/21999\/revisions"}],"predecessor-version":[{"id":22026,"href":"https:\/\/blogdorogeriogomes.com.br\/noticias\/wp-json\/wp\/v2\/posts\/21999\/revisions\/22026"}],"wp:featuredmedia":[{"embeddable":true,"href":"https:\/\/blogdorogeriogomes.com.br\/noticias\/wp-json\/wp\/v2\/media\/22000"}],"wp:attachment":[{"href":"https:\/\/blogdorogeriogomes.com.br\/noticias\/wp-json\/wp\/v2\/media?parent=21999"}],"wp:term":[{"taxonomy":"category","embeddable":true,"href":"https:\/\/blogdorogeriogomes.com.br\/noticias\/wp-json\/wp\/v2\/categories?post=21999"},{"taxonomy":"post_tag","embeddable":true,"href":"https:\/\/blogdorogeriogomes.com.br\/noticias\/wp-json\/wp\/v2\/tags?post=21999"}],"curies":[{"name":"wp","href":"https:\/\/api.w.org\/{rel}","templated":true}]}}