{"id":22002,"date":"2021-07-14T10:02:41","date_gmt":"2021-07-14T10:02:41","guid":{"rendered":"https:\/\/blogdorogeriogomes.com.br\/?p=22002"},"modified":"2021-07-16T10:47:07","modified_gmt":"2021-07-16T10:47:07","slug":"segundo-militar-e-expulso-no-ceara-por-participacao-nos-motins-de-2020","status":"publish","type":"post","link":"https:\/\/blogdorogeriogomes.com.br\/noticias\/2021\/07\/segundo-militar-e-expulso-no-ceara-por-participacao-nos-motins-de-2020\/","title":{"rendered":"Segundo militar \u00e9 expulso no Cear\u00e1 por participa\u00e7\u00e3o nos motins de 2020"},"content":{"rendered":"\n<p>Policiais e bombeiros militares, que participaram do motim de 2020 no Cear\u00e1, continuam a ser punidos em processos na Corregedoria dos \u00d3rg\u00e3os de Seguran\u00e7a P\u00fablica. Mais cinco militares receberam puni\u00e7\u00e3o, de acordo com a \u00faltima Di\u00e1rio Oficial do Estado, nesta ter\u00e7a-feira, dia 13 de julho. S\u00e3o <span style=\"font-size: inherit;\">35 policiais que j\u00e1 foram indiciados por participa\u00e7\u00e3o na greve, proibida para a categoria <\/span>militar. <\/p>\n\n\n\n<p>O bombeiro militar Magno Maciel da Silva foi expulso da corpora\u00e7\u00e3o. Ele \u00e9 o segundo envolvido nos motins a ser expulso como puni\u00e7\u00e3o. O primeiro foi o soldado Raylan Kadio Augusto de Oliveira, cuja medida foi anunciada em 23 de junho.<\/p>\n\n\n\n<p>Conforme o Governo do Cear\u00e1, todos processos administrativos seguem os preceitos da ampla defesa e do contradit\u00f3rio.<\/p>\n\n\n\n<figure class=\"wp-block-image size-large\"><img loading=\"lazy\" decoding=\"async\" width=\"984\" height=\"553\" src=\"https:\/\/blogdorogeriogomes.com.br\/wp-content\/uploads\/2021\/07\/motimpms.jpg\" alt=\"\" class=\"wp-image-22003\" srcset=\"https:\/\/blogdorogeriogomes.com.br\/noticias\/wp-content\/uploads\/2021\/07\/motimpms.jpg 984w, https:\/\/blogdorogeriogomes.com.br\/noticias\/wp-content\/uploads\/2021\/07\/motimpms-300x169.jpg 300w, https:\/\/blogdorogeriogomes.com.br\/noticias\/wp-content\/uploads\/2021\/07\/motimpms-768x432.jpg 768w, https:\/\/blogdorogeriogomes.com.br\/noticias\/wp-content\/uploads\/2021\/07\/motimpms-800x450.jpg 800w\" sizes=\"auto, (max-width: 984px) 100vw, 984px\" \/><\/figure>\n","protected":false},"excerpt":{"rendered":"<p>Policiais e bombeiros militares, que participaram do motim de 2020 no Cear\u00e1, continuam a ser punidos em processos na Corregedoria dos \u00d3rg\u00e3os de Seguran\u00e7a P\u00fablica. Mais cinco militares receberam puni\u00e7\u00e3o, de acordo com a \u00faltima Di\u00e1rio Oficial do Estado, nesta ter\u00e7a-feira, dia 13 de julho. S\u00e3o 35 policiais que j\u00e1 foram indiciados por participa\u00e7\u00e3o na greve, proibida para a categoria militar. O bombeiro militar Magno Maciel da Silva foi expulso da corpora\u00e7\u00e3o. Ele \u00e9 o segundo envolvido nos motins&hellip;<\/p>\n","protected":false},"author":1,"featured_media":22003,"comment_status":"open","ping_status":"open","sticky":false,"template":"","format":"standard","meta":{"footnotes":""},"categories":[1],"tags":[],"class_list":["post-22002","post","type-post","status-publish","format-standard","has-post-thumbnail","hentry","category-noticias"],"_links":{"self":[{"href":"https:\/\/blogdorogeriogomes.com.br\/noticias\/wp-json\/wp\/v2\/posts\/22002","targetHints":{"allow":["GET"]}}],"collection":[{"href":"https:\/\/blogdorogeriogomes.com.br\/noticias\/wp-json\/wp\/v2\/posts"}],"about":[{"href":"https:\/\/blogdorogeriogomes.com.br\/noticias\/wp-json\/wp\/v2\/types\/post"}],"author":[{"embeddable":true,"href":"https:\/\/blogdorogeriogomes.com.br\/noticias\/wp-json\/wp\/v2\/users\/1"}],"replies":[{"embeddable":true,"href":"https:\/\/blogdorogeriogomes.com.br\/noticias\/wp-json\/wp\/v2\/comments?post=22002"}],"version-history":[{"count":1,"href":"https:\/\/blogdorogeriogomes.com.br\/noticias\/wp-json\/wp\/v2\/posts\/22002\/revisions"}],"predecessor-version":[{"id":22004,"href":"https:\/\/blogdorogeriogomes.com.br\/noticias\/wp-json\/wp\/v2\/posts\/22002\/revisions\/22004"}],"wp:featuredmedia":[{"embeddable":true,"href":"https:\/\/blogdorogeriogomes.com.br\/noticias\/wp-json\/wp\/v2\/media\/22003"}],"wp:attachment":[{"href":"https:\/\/blogdorogeriogomes.com.br\/noticias\/wp-json\/wp\/v2\/media?parent=22002"}],"wp:term":[{"taxonomy":"category","embeddable":true,"href":"https:\/\/blogdorogeriogomes.com.br\/noticias\/wp-json\/wp\/v2\/categories?post=22002"},{"taxonomy":"post_tag","embeddable":true,"href":"https:\/\/blogdorogeriogomes.com.br\/noticias\/wp-json\/wp\/v2\/tags?post=22002"}],"curies":[{"name":"wp","href":"https:\/\/api.w.org\/{rel}","templated":true}]}}