{"id":22008,"date":"2021-07-14T19:48:01","date_gmt":"2021-07-14T19:48:01","guid":{"rendered":"https:\/\/blogdorogeriogomes.com.br\/?p=22008"},"modified":"2021-07-16T10:46:47","modified_gmt":"2021-07-16T10:46:47","slug":"bolsonaro-e-diagnosticado-com-obstrucao-intestinal-e-transferido-para-sao-paulo","status":"publish","type":"post","link":"https:\/\/blogdorogeriogomes.com.br\/noticias\/2021\/07\/bolsonaro-e-diagnosticado-com-obstrucao-intestinal-e-transferido-para-sao-paulo\/","title":{"rendered":"Bolsonaro \u00e9 diagnosticado com obstru\u00e7\u00e3o intestinal e transferido para S\u00e3o Paulo"},"content":{"rendered":"\n<p>Internado desde a madrugada desta quarta-feira, dia 14 de julho, no Hospital das For\u00e7as Armadas em Bras\u00edlia, o presidente Jair Bolsonaro (sem partido) foi transferido para S\u00e3o Paulo, onde pode passar por cirurgia para corrigir uma obstru\u00e7\u00e3o intestinal. N\u00f3s \u00faltimos dias, Bolsonaro foi v\u00edtima de uma crise de solu\u00e7o persistente e tamb\u00e9m de dores abdominais. Os m\u00e9dicos de Bolsonaro analisam exames e ir\u00e3o avaliar a necessidade de uma poss\u00edvel cirurgia de emerg\u00eancia para tirar parte do intestino.<\/p>\n\n\n\n<p>Caso ocorra, ser\u00e1 o s\u00e9timo procedimento cirurgico realizado pelo presidente desde 2018, ap\u00f3s a facada recebida durante campanha eleitoral, em ato de campanha no munic\u00edpio mineiro de Juiz de Fora. A \u00faltima cirurgia efetuada foi para retirada de um c\u00e1lculo vesical.<\/p>\n\n\n\n<p>O m\u00e9dico Ant\u00f4nio Luiz Macedo, respons\u00e1vel pela opera\u00e7\u00e3o no caso da facada, est\u00e1 acompanhando o novo caso de sa\u00fade de Bolsonaro. Ao chegar a S\u00e3o Paulo, Bolsonaro deve passar por mais uma bateria de exames. <\/p>\n\n\n\n<p>Nos \u00faltimos dias, o presidente da Rep\u00fablica passa por muita press\u00e3o por causa das investiga\u00e7\u00f5es em torno da compra de vacinas pelo Governo Federal com den\u00fancias de irregularidades. Nesta quarta-feira foi cancelada uma reuni\u00e3o de Bolsonaro com o presidente do STF, Luiz Fux, e com os presidentes da C\u00e2mara dos Deputados, Arthur Lira, e do Senado Federal, Rodrigo Pacheco.<\/p>\n\n\n\n<figure class=\"wp-block-image size-large\"><img loading=\"lazy\" decoding=\"async\" width=\"1024\" height=\"576\" src=\"https:\/\/blogdorogeriogomes.com.br\/wp-content\/uploads\/2021\/07\/bolsonaro-hfa-1024x576.jpeg\" alt=\"\" class=\"wp-image-22009\" srcset=\"https:\/\/blogdorogeriogomes.com.br\/noticias\/wp-content\/uploads\/2021\/07\/bolsonaro-hfa-1024x576.jpeg 1024w, https:\/\/blogdorogeriogomes.com.br\/noticias\/wp-content\/uploads\/2021\/07\/bolsonaro-hfa-300x169.jpeg 300w, https:\/\/blogdorogeriogomes.com.br\/noticias\/wp-content\/uploads\/2021\/07\/bolsonaro-hfa-768x432.jpeg 768w, https:\/\/blogdorogeriogomes.com.br\/noticias\/wp-content\/uploads\/2021\/07\/bolsonaro-hfa-800x450.jpeg 800w, https:\/\/blogdorogeriogomes.com.br\/noticias\/wp-content\/uploads\/2021\/07\/bolsonaro-hfa.jpeg 1080w\" sizes=\"auto, (max-width: 1024px) 100vw, 1024px\" \/><\/figure>\n","protected":false},"excerpt":{"rendered":"<p>Internado desde a madrugada desta quarta-feira, dia 14 de julho, no Hospital das For\u00e7as Armadas em Bras\u00edlia, o presidente Jair Bolsonaro (sem partido) foi transferido para S\u00e3o Paulo, onde pode passar por cirurgia para corrigir uma obstru\u00e7\u00e3o intestinal. N\u00f3s \u00faltimos dias, Bolsonaro foi v\u00edtima de uma crise de solu\u00e7o persistente e tamb\u00e9m de dores abdominais. Os m\u00e9dicos de Bolsonaro analisam exames e ir\u00e3o avaliar a necessidade de uma poss\u00edvel cirurgia de emerg\u00eancia para tirar parte do intestino. Caso ocorra,&hellip;<\/p>\n","protected":false},"author":1,"featured_media":22009,"comment_status":"open","ping_status":"open","sticky":false,"template":"","format":"standard","meta":{"footnotes":""},"categories":[1],"tags":[],"class_list":["post-22008","post","type-post","status-publish","format-standard","has-post-thumbnail","hentry","category-noticias"],"_links":{"self":[{"href":"https:\/\/blogdorogeriogomes.com.br\/noticias\/wp-json\/wp\/v2\/posts\/22008","targetHints":{"allow":["GET"]}}],"collection":[{"href":"https:\/\/blogdorogeriogomes.com.br\/noticias\/wp-json\/wp\/v2\/posts"}],"about":[{"href":"https:\/\/blogdorogeriogomes.com.br\/noticias\/wp-json\/wp\/v2\/types\/post"}],"author":[{"embeddable":true,"href":"https:\/\/blogdorogeriogomes.com.br\/noticias\/wp-json\/wp\/v2\/users\/1"}],"replies":[{"embeddable":true,"href":"https:\/\/blogdorogeriogomes.com.br\/noticias\/wp-json\/wp\/v2\/comments?post=22008"}],"version-history":[{"count":1,"href":"https:\/\/blogdorogeriogomes.com.br\/noticias\/wp-json\/wp\/v2\/posts\/22008\/revisions"}],"predecessor-version":[{"id":22010,"href":"https:\/\/blogdorogeriogomes.com.br\/noticias\/wp-json\/wp\/v2\/posts\/22008\/revisions\/22010"}],"wp:featuredmedia":[{"embeddable":true,"href":"https:\/\/blogdorogeriogomes.com.br\/noticias\/wp-json\/wp\/v2\/media\/22009"}],"wp:attachment":[{"href":"https:\/\/blogdorogeriogomes.com.br\/noticias\/wp-json\/wp\/v2\/media?parent=22008"}],"wp:term":[{"taxonomy":"category","embeddable":true,"href":"https:\/\/blogdorogeriogomes.com.br\/noticias\/wp-json\/wp\/v2\/categories?post=22008"},{"taxonomy":"post_tag","embeddable":true,"href":"https:\/\/blogdorogeriogomes.com.br\/noticias\/wp-json\/wp\/v2\/tags?post=22008"}],"curies":[{"name":"wp","href":"https:\/\/api.w.org\/{rel}","templated":true}]}}