{"id":22014,"date":"2021-07-15T10:34:49","date_gmt":"2021-07-15T10:34:49","guid":{"rendered":"https:\/\/blogdorogeriogomes.com.br\/?p=22014"},"modified":"2021-07-16T10:46:25","modified_gmt":"2021-07-16T10:46:25","slug":"pec-para-limitar-participacao-de-militares-no-governo-comeca-a-tramitar-na-camara-dos-deputados","status":"publish","type":"post","link":"https:\/\/blogdorogeriogomes.com.br\/noticias\/2021\/07\/pec-para-limitar-participacao-de-militares-no-governo-comeca-a-tramitar-na-camara-dos-deputados\/","title":{"rendered":"PEC para limitar participa\u00e7\u00e3o de militares no Governo come\u00e7a a tramitar na C\u00e2mara dos Deputados"},"content":{"rendered":"\n<p>A Proposta de Emenda \u00e0 Constitui\u00e7\u00e3o (PEC) que limita a participa\u00e7\u00e3o de militares da ativa no Governo Federal foi apresentada formalmente na C\u00e2mara dos Deputados, nesta quarta-feira, dia 14 de julho. A PEC foi apresentada pela deputada Perp\u00e9tua Almeida, do PCdoB do Acre. O texto ficou conhecido como &#8220;PEC do Pazuello&#8221; em refer\u00eancia ao ex-ministro da Sa\u00fade Eduardo Pazuello, general da ativa do Ex\u00e9rcito.<\/p>\n\n\n\n<p>Cinco ex-ministros da Defesa tamb\u00e9m decidiram apoiar a PEC. Uma nota em defesa da limita\u00e7\u00e3o foi assinada pelos ex-ministros Aldo Rebelo, Celso Amorim, Jaques Wagner, Nelson Jobim e Raul Jungmann. O presidente da OAB nacional Felipe Santa Cruz tamb\u00e9m se mostrou favor\u00e1vel \u00e0 medida.<\/p>\n\n\n\n<p>No Governo Bolsonaro h\u00e1 mais de seis mil militares nomeados na administra\u00e7\u00e3o p\u00fablica, ocupando fun\u00e7\u00f5es civis. A maior cr\u00edtica \u00e9 a politiza\u00e7\u00e3o das institui\u00e7\u00f5es militares causando, em muitos casos, situa\u00e7\u00f5es de constrangimento p\u00fablico como aconteceu com o ex-ministro Eduardo Pazuello que se recusou em migrar para a reserva quando virou alvo da CPI da Covid no Senado Federal.<\/p>\n\n\n\n<figure class=\"wp-block-image size-large\"><img loading=\"lazy\" decoding=\"async\" width=\"500\" height=\"281\" src=\"https:\/\/blogdorogeriogomes.com.br\/wp-content\/uploads\/2021\/07\/images-2021-07-15T072456.942.jpeg\" alt=\"\" class=\"wp-image-22015\" srcset=\"https:\/\/blogdorogeriogomes.com.br\/noticias\/wp-content\/uploads\/2021\/07\/images-2021-07-15T072456.942.jpeg 500w, https:\/\/blogdorogeriogomes.com.br\/noticias\/wp-content\/uploads\/2021\/07\/images-2021-07-15T072456.942-300x169.jpeg 300w\" sizes=\"auto, (max-width: 500px) 100vw, 500px\" \/><\/figure>\n","protected":false},"excerpt":{"rendered":"<p>A Proposta de Emenda \u00e0 Constitui\u00e7\u00e3o (PEC) que limita a participa\u00e7\u00e3o de militares da ativa no Governo Federal foi apresentada formalmente na C\u00e2mara dos Deputados, nesta quarta-feira, dia 14 de julho. A PEC foi apresentada pela deputada Perp\u00e9tua Almeida, do PCdoB do Acre. O texto ficou conhecido como &#8220;PEC do Pazuello&#8221; em refer\u00eancia ao ex-ministro da Sa\u00fade Eduardo Pazuello, general da ativa do Ex\u00e9rcito. Cinco ex-ministros da Defesa tamb\u00e9m decidiram apoiar a PEC. Uma nota em defesa da limita\u00e7\u00e3o&hellip;<\/p>\n","protected":false},"author":1,"featured_media":22015,"comment_status":"open","ping_status":"open","sticky":false,"template":"","format":"standard","meta":{"footnotes":""},"categories":[1],"tags":[],"class_list":["post-22014","post","type-post","status-publish","format-standard","has-post-thumbnail","hentry","category-noticias"],"_links":{"self":[{"href":"https:\/\/blogdorogeriogomes.com.br\/noticias\/wp-json\/wp\/v2\/posts\/22014","targetHints":{"allow":["GET"]}}],"collection":[{"href":"https:\/\/blogdorogeriogomes.com.br\/noticias\/wp-json\/wp\/v2\/posts"}],"about":[{"href":"https:\/\/blogdorogeriogomes.com.br\/noticias\/wp-json\/wp\/v2\/types\/post"}],"author":[{"embeddable":true,"href":"https:\/\/blogdorogeriogomes.com.br\/noticias\/wp-json\/wp\/v2\/users\/1"}],"replies":[{"embeddable":true,"href":"https:\/\/blogdorogeriogomes.com.br\/noticias\/wp-json\/wp\/v2\/comments?post=22014"}],"version-history":[{"count":1,"href":"https:\/\/blogdorogeriogomes.com.br\/noticias\/wp-json\/wp\/v2\/posts\/22014\/revisions"}],"predecessor-version":[{"id":22016,"href":"https:\/\/blogdorogeriogomes.com.br\/noticias\/wp-json\/wp\/v2\/posts\/22014\/revisions\/22016"}],"wp:featuredmedia":[{"embeddable":true,"href":"https:\/\/blogdorogeriogomes.com.br\/noticias\/wp-json\/wp\/v2\/media\/22015"}],"wp:attachment":[{"href":"https:\/\/blogdorogeriogomes.com.br\/noticias\/wp-json\/wp\/v2\/media?parent=22014"}],"wp:term":[{"taxonomy":"category","embeddable":true,"href":"https:\/\/blogdorogeriogomes.com.br\/noticias\/wp-json\/wp\/v2\/categories?post=22014"},{"taxonomy":"post_tag","embeddable":true,"href":"https:\/\/blogdorogeriogomes.com.br\/noticias\/wp-json\/wp\/v2\/tags?post=22014"}],"curies":[{"name":"wp","href":"https:\/\/api.w.org\/{rel}","templated":true}]}}