{"id":22017,"date":"2021-07-15T15:06:25","date_gmt":"2021-07-15T15:06:25","guid":{"rendered":"https:\/\/blogdorogeriogomes.com.br\/?p=22017"},"modified":"2021-07-16T10:46:08","modified_gmt":"2021-07-16T10:46:08","slug":"presidente-da-fiec-e-agraciado-com-premio-boas-praticas-de-gestao-no-periodo-da-pandemia","status":"publish","type":"post","link":"https:\/\/blogdorogeriogomes.com.br\/noticias\/2021\/07\/presidente-da-fiec-e-agraciado-com-premio-boas-praticas-de-gestao-no-periodo-da-pandemia\/","title":{"rendered":"Presidente da Fiec \u00e9 agraciado com Pr\u00eamio Boas Pr\u00e1ticas de Gest\u00e3o no Per\u00edodo da Pandemia"},"content":{"rendered":"\n<p>O Presidente da Federa\u00e7\u00e3o das Ind\u00fastrias do Estado do Cear\u00e1 (FIEC), Ricardo Cavalcante, recebeu o Pr\u00eamio Boas Pr\u00e1ticas de Gest\u00e3o no Per\u00edodo da Pandemia, nesta quarta-feira, dia 14 de julho. O evento, promovido pela Jornalista Silvana Frota, editora da Revista Cear\u00e1 e Munic\u00edpios, aconteceu na modalidade online e agraciou personalidades e institui\u00e7\u00f5es que desenvolveram pol\u00edticas e a\u00e7\u00f5es de interesse coletivo voltadas para \u00e0s pessoas em estado de vulnerabilidade social durante o per\u00edodo de enfrentamento da COVID-19.<\/p>\n\n\n\n<p>Entre as diversas a\u00e7\u00f5es promovidas pela Federa\u00e7\u00e3o da Ind\u00fastria cearense estiveram a produ\u00e7\u00e3o do Capacete Elmo que, em menos de 90 dias foi disponibilizado, sendo doados mais de 1.500 unidades para todos os hospitais p\u00fablicos e privados do estado. Foram montadas ainda mais de 300 UTIs, atrav\u00e9s de doa\u00e7\u00f5es capitaneadas pela FIEC, junto aos industriais locais. Arrecadadas mais de 20 mil cestas b\u00e1sicas doadas pela Ind\u00fastria, que representam mais de 200 toneladas de alimentos distribu\u00eddos.<br>Atrav\u00e9s da Campanha \u2018FIEC salva vidas\u2019, foram arrecadados mais de R$ 12 milh\u00f5es, recursos utilizados para aquisi\u00e7\u00e3o e conserto de respiradores, produ\u00e7\u00e3o de mais de 1 milh\u00e3o de EPIs, entre eles faceshields, aventais e batas, e realiza\u00e7\u00e3o da maior pesquisa de soropreval\u00eancia j\u00e1 feita no Pa\u00eds.<\/p>\n\n\n\n<p>O Sistema FIEC providenciou transporte adequado \u2013 Taxi e Uber \u2013 para que as pessoas idosas pudessem ir e vir em seguran\u00e7a aos postos. Reuniu tamb\u00e9m um Grupo de Trabalho composto por economistas e empres\u00e1rios, que elaborou, em tempo recorde, a \u2018Plataforma para o Desenvolvimento Industrial Cearense\u2019, ferramenta estrat\u00e9gica para nortear a gera\u00e7\u00e3o de pol\u00edticas p\u00fablicas e privadas na constru\u00e7\u00e3o do futuro da ind\u00fastria cearense.<\/p>\n\n\n\n<p>\u201cO trabalho desenvolvido pela FIEC reflete a import\u00e2ncia que n\u00f3s industriais damos \u00e0 nossa popula\u00e7\u00e3o e colaboradores. Desde o in\u00edcio, a Federa\u00e7\u00e3o e seus 40 Sindicatos se preocuparam em salvar vidas dos cearenses. Para que todos se alimentassem, recebessem medicamentos, \u00e1lcool em gel e demais produtos, atuamos de forma segura, sempre nos preocupando com nossos colaboradores. N\u00e3o tivemos problemas de abastecimento e n\u00e3o medimos esfor\u00e7os e parcerias para promover as melhores solu\u00e7\u00f5es para cuidar do nosso povo cearense\u201d, afirmou Ricardo Cavalcante.<\/p>\n\n\n\n<figure class=\"wp-block-image size-large\"><img loading=\"lazy\" decoding=\"async\" width=\"679\" height=\"452\" src=\"https:\/\/blogdorogeriogomes.com.br\/wp-content\/uploads\/2021\/07\/images-2021-07-15T120136.875.jpeg\" alt=\"\" class=\"wp-image-22018\" srcset=\"https:\/\/blogdorogeriogomes.com.br\/noticias\/wp-content\/uploads\/2021\/07\/images-2021-07-15T120136.875.jpeg 679w, https:\/\/blogdorogeriogomes.com.br\/noticias\/wp-content\/uploads\/2021\/07\/images-2021-07-15T120136.875-300x200.jpeg 300w\" sizes=\"auto, (max-width: 679px) 100vw, 679px\" \/><\/figure>\n\n\n\n<p><\/p>\n\n\n\n<p><\/p>\n\n\n\n<p><\/p>\n","protected":false},"excerpt":{"rendered":"<p>O Presidente da Federa\u00e7\u00e3o das Ind\u00fastrias do Estado do Cear\u00e1 (FIEC), Ricardo Cavalcante, recebeu o Pr\u00eamio Boas Pr\u00e1ticas de Gest\u00e3o no Per\u00edodo da Pandemia, nesta quarta-feira, dia 14 de julho. O evento, promovido pela Jornalista Silvana Frota, editora da Revista Cear\u00e1 e Munic\u00edpios, aconteceu na modalidade online e agraciou personalidades e institui\u00e7\u00f5es que desenvolveram pol\u00edticas e a\u00e7\u00f5es de interesse coletivo voltadas para \u00e0s pessoas em estado de vulnerabilidade social durante o per\u00edodo de enfrentamento da COVID-19. Entre as diversas&hellip;<\/p>\n","protected":false},"author":1,"featured_media":22018,"comment_status":"open","ping_status":"open","sticky":false,"template":"","format":"standard","meta":{"footnotes":""},"categories":[1],"tags":[],"class_list":["post-22017","post","type-post","status-publish","format-standard","has-post-thumbnail","hentry","category-noticias"],"_links":{"self":[{"href":"https:\/\/blogdorogeriogomes.com.br\/noticias\/wp-json\/wp\/v2\/posts\/22017","targetHints":{"allow":["GET"]}}],"collection":[{"href":"https:\/\/blogdorogeriogomes.com.br\/noticias\/wp-json\/wp\/v2\/posts"}],"about":[{"href":"https:\/\/blogdorogeriogomes.com.br\/noticias\/wp-json\/wp\/v2\/types\/post"}],"author":[{"embeddable":true,"href":"https:\/\/blogdorogeriogomes.com.br\/noticias\/wp-json\/wp\/v2\/users\/1"}],"replies":[{"embeddable":true,"href":"https:\/\/blogdorogeriogomes.com.br\/noticias\/wp-json\/wp\/v2\/comments?post=22017"}],"version-history":[{"count":1,"href":"https:\/\/blogdorogeriogomes.com.br\/noticias\/wp-json\/wp\/v2\/posts\/22017\/revisions"}],"predecessor-version":[{"id":22019,"href":"https:\/\/blogdorogeriogomes.com.br\/noticias\/wp-json\/wp\/v2\/posts\/22017\/revisions\/22019"}],"wp:featuredmedia":[{"embeddable":true,"href":"https:\/\/blogdorogeriogomes.com.br\/noticias\/wp-json\/wp\/v2\/media\/22018"}],"wp:attachment":[{"href":"https:\/\/blogdorogeriogomes.com.br\/noticias\/wp-json\/wp\/v2\/media?parent=22017"}],"wp:term":[{"taxonomy":"category","embeddable":true,"href":"https:\/\/blogdorogeriogomes.com.br\/noticias\/wp-json\/wp\/v2\/categories?post=22017"},{"taxonomy":"post_tag","embeddable":true,"href":"https:\/\/blogdorogeriogomes.com.br\/noticias\/wp-json\/wp\/v2\/tags?post=22017"}],"curies":[{"name":"wp","href":"https:\/\/api.w.org\/{rel}","templated":true}]}}