{"id":22028,"date":"2021-07-16T11:02:08","date_gmt":"2021-07-16T11:02:08","guid":{"rendered":"https:\/\/blogdorogeriogomes.com.br\/?p=22028"},"modified":"2021-07-19T10:02:47","modified_gmt":"2021-07-19T10:02:47","slug":"al-aprova-projetos-sociais-enviados-pelo-executivo-e-deputados-estaduais-entram-em-recesso","status":"publish","type":"post","link":"https:\/\/blogdorogeriogomes.com.br\/noticias\/2021\/07\/al-aprova-projetos-sociais-enviados-pelo-executivo-e-deputados-estaduais-entram-em-recesso\/","title":{"rendered":"AL aprova projetos sociais enviados pelo Executivo e deputados estaduais entram em recesso"},"content":{"rendered":"\n<p>A Assembleia Legislativa do Cear\u00e1 aprovou, na \u00faltima sess\u00e3o plen\u00e1ria deste semestre realizada de forma presencial e remota, nesta quinta-feira, dia 15 de julho, 17 projetos de lei do Poder Executivo. Entre eles, o projeto que institui o Programa Mais Empregos Cear\u00e1, tr\u00eas projetos de lei complementar, quatro decretos legislativos, um projeto de resolu\u00e7\u00e3o &nbsp;e 29 projetos de autoria de parlamentares, sendo 23 de lei e seis de indica\u00e7\u00e3o. Os deputados estaduais entraram de recesso e s\u00f3 retornam \u00e0s sess\u00f5es em plen\u00e1rio em agosto.<\/p>\n\n\n\n<p>Do Poder Executivo, foi aprovado o projeto&nbsp;que institui o Programa Mais Empregos Cear\u00e1, como medida de est\u00edmulo \u00e0 gera\u00e7\u00e3o de emprego e \u00e0 promo\u00e7\u00e3o da renda no Estado do Cear\u00e1. O Governo Estadual vai pagar metade de um sal\u00e1rio m\u00ednimo para 20 mil pessoas a serem contratadas pela iniciativa privada por seis meses. Tamb\u00e9m foi aprovado o projeto que institui a pol\u00edtica de aten\u00e7\u00e3o \u00e0 higiene \u00edntima de estudantes da rede p\u00fablica estadual de ensino e autoriza o Poder Executivo a adquirir e a distribuir absorventes higi\u00eanicos, buscando garantir \u00e0s estudantes condi\u00e7\u00f5es b\u00e1sicas para a adequada higiene \u00edntima e o pleno acesso \u00e0 educa\u00e7\u00e3o.<\/p>\n\n\n\n<figure class=\"wp-block-image size-large\"><img loading=\"lazy\" decoding=\"async\" width=\"900\" height=\"600\" src=\"https:\/\/blogdorogeriogomes.com.br\/wp-content\/uploads\/2021\/07\/c0f70bd616dbec5449194ce7a66f6cd7_XL.jpg\" alt=\"\" class=\"wp-image-22029\" srcset=\"https:\/\/blogdorogeriogomes.com.br\/noticias\/wp-content\/uploads\/2021\/07\/c0f70bd616dbec5449194ce7a66f6cd7_XL.jpg 900w, https:\/\/blogdorogeriogomes.com.br\/noticias\/wp-content\/uploads\/2021\/07\/c0f70bd616dbec5449194ce7a66f6cd7_XL-300x200.jpg 300w, https:\/\/blogdorogeriogomes.com.br\/noticias\/wp-content\/uploads\/2021\/07\/c0f70bd616dbec5449194ce7a66f6cd7_XL-768x512.jpg 768w, https:\/\/blogdorogeriogomes.com.br\/noticias\/wp-content\/uploads\/2021\/07\/c0f70bd616dbec5449194ce7a66f6cd7_XL-800x533.jpg 800w\" sizes=\"auto, (max-width: 900px) 100vw, 900px\" \/><\/figure>\n","protected":false},"excerpt":{"rendered":"<p>A Assembleia Legislativa do Cear\u00e1 aprovou, na \u00faltima sess\u00e3o plen\u00e1ria deste semestre realizada de forma presencial e remota, nesta quinta-feira, dia 15 de julho, 17 projetos de lei do Poder Executivo. Entre eles, o projeto que institui o Programa Mais Empregos Cear\u00e1, tr\u00eas projetos de lei complementar, quatro decretos legislativos, um projeto de resolu\u00e7\u00e3o &nbsp;e 29 projetos de autoria de parlamentares, sendo 23 de lei e seis de indica\u00e7\u00e3o. Os deputados estaduais entraram de recesso e s\u00f3 retornam \u00e0s&hellip;<\/p>\n","protected":false},"author":1,"featured_media":22029,"comment_status":"open","ping_status":"open","sticky":false,"template":"","format":"standard","meta":{"footnotes":""},"categories":[1],"tags":[],"class_list":["post-22028","post","type-post","status-publish","format-standard","has-post-thumbnail","hentry","category-noticias"],"_links":{"self":[{"href":"https:\/\/blogdorogeriogomes.com.br\/noticias\/wp-json\/wp\/v2\/posts\/22028","targetHints":{"allow":["GET"]}}],"collection":[{"href":"https:\/\/blogdorogeriogomes.com.br\/noticias\/wp-json\/wp\/v2\/posts"}],"about":[{"href":"https:\/\/blogdorogeriogomes.com.br\/noticias\/wp-json\/wp\/v2\/types\/post"}],"author":[{"embeddable":true,"href":"https:\/\/blogdorogeriogomes.com.br\/noticias\/wp-json\/wp\/v2\/users\/1"}],"replies":[{"embeddable":true,"href":"https:\/\/blogdorogeriogomes.com.br\/noticias\/wp-json\/wp\/v2\/comments?post=22028"}],"version-history":[{"count":2,"href":"https:\/\/blogdorogeriogomes.com.br\/noticias\/wp-json\/wp\/v2\/posts\/22028\/revisions"}],"predecessor-version":[{"id":22046,"href":"https:\/\/blogdorogeriogomes.com.br\/noticias\/wp-json\/wp\/v2\/posts\/22028\/revisions\/22046"}],"wp:featuredmedia":[{"embeddable":true,"href":"https:\/\/blogdorogeriogomes.com.br\/noticias\/wp-json\/wp\/v2\/media\/22029"}],"wp:attachment":[{"href":"https:\/\/blogdorogeriogomes.com.br\/noticias\/wp-json\/wp\/v2\/media?parent=22028"}],"wp:term":[{"taxonomy":"category","embeddable":true,"href":"https:\/\/blogdorogeriogomes.com.br\/noticias\/wp-json\/wp\/v2\/categories?post=22028"},{"taxonomy":"post_tag","embeddable":true,"href":"https:\/\/blogdorogeriogomes.com.br\/noticias\/wp-json\/wp\/v2\/tags?post=22028"}],"curies":[{"name":"wp","href":"https:\/\/api.w.org\/{rel}","templated":true}]}}