{"id":22035,"date":"2021-07-17T10:45:15","date_gmt":"2021-07-17T10:45:15","guid":{"rendered":"https:\/\/blogdorogeriogomes.com.br\/?p=22035"},"modified":"2021-07-19T10:02:31","modified_gmt":"2021-07-19T10:02:31","slug":"gravacao-mostra-que-pazuello-se-reuniu-com-negociantes-que-ofertaram-coronavac-pelo-triplo-do-preco","status":"publish","type":"post","link":"https:\/\/blogdorogeriogomes.com.br\/noticias\/2021\/07\/gravacao-mostra-que-pazuello-se-reuniu-com-negociantes-que-ofertaram-coronavac-pelo-triplo-do-preco\/","title":{"rendered":"Grava\u00e7\u00e3o mostra que Pazuello se reuniu com negociantes que ofertaram CoronaVac pelo triplo do pre\u00e7o"},"content":{"rendered":"\n<p>O general Eduardo Pazuello se reuniu com negociantes que ofereceram doses da CoronaVac pelo triplo do pre\u00e7o ao Minist\u00e9rio da Sa\u00fade, quando ainda era titular da pasta. O contrato fechado com o Butantan saiu por US$ 10 d\u00f3lares cada dose. No contrato apresentado em reuni\u00e3o com o ent\u00e3o ministro, cada dose sairia por 28 d\u00f3lares. As informa\u00e7\u00f5es foram reveladas nesta sexta-feira, dia 16 de julho, pela Folha de S. Paulo.<\/p>\n\n\n\n<p>Em seu blog no portal G1, o jornalista Valdo Cruz revelou a exist\u00eancia de um v\u00eddeo que j\u00e1 est\u00e1 em posse da CPI da Covid no Senado Federal, no qual Pazuello aparece junto aos intermediadores da proposta inflacionada, na data de 11 de mar\u00e7o deste ano. Os presentes no encontro s\u00e3o de empresa de Santa Catarina.<\/p>\n\n\n\n<p>&#8220;N\u00f3s estamos aqui reunidos no Minist\u00e9rio da Sa\u00fade, recebendo comitiva liderada pelo John. Uma comitiva que veio tratar da possibilidade de n\u00f3s comprarmos 30 milh\u00f5es de doses, numa compra direta com o governo chin\u00eas. E j\u00e1 abre tamb\u00e9m uma nova possibilidade de termos mais doses e mais laborat\u00f3rios. Vamos tratar na semana que vem. Mas sa\u00edmos daqui hoje j\u00e1 com memorando de entendimento assinado e com o compromisso do minist\u00e9rio de celebrar, no mais curto prazo, o contrato&#8221;, afirmou o ministro no v\u00eddeo ap\u00f3s a reuni\u00e3o.<\/p>\n\n\n\n<p>Este epis\u00f3dio coloca Pazuello em contradi\u00e7\u00e3o, pois ele afirmou em depoimento \u00e0 CPI da Covid que n\u00e3o negociou diretamente a compra de vacinas pelo governo federal. Os empres\u00e1rios que aparecem no v\u00eddeo, segundo o senador Randolfe Rodrigues, ser\u00e3o convocados em breve para depor na comiss\u00e3o.<\/p>\n\n\n\n<p>O diretor do Instituto Butantan, Dimas Covas, disse que &#8220;alertou por v\u00e1rias vezes&#8221; tanto o ent\u00e3o ministro da Sa\u00fade, general Eduardo Pazuello, quanto outros interlocutores da pasta que &#8220;o Butantan era o representante exclusivo da Sinovac e o respons\u00e1vel pelo uso da vacina [CoronaVac] no Brasil&#8221;.<\/p>\n\n\n\n<p>A c\u00fapula da CPI vai aproveitar o recesso parlamentar no Congresso para analisar quase 2 mil documentos recebidos at\u00e9 agora. A CPI da Covid j\u00e1 fez 37 sess\u00f5es e ouviu 27 depoimentos. Senadores se debru\u00e7am sobre a\u00e7\u00f5es e omiss\u00f5es do Governo Federal que levaram \u00e0 inefici\u00eancia do pais no combate \u00e0 pandemia. <\/p>\n\n\n\n<figure class=\"wp-block-image size-large\"><img loading=\"lazy\" decoding=\"async\" width=\"715\" height=\"429\" src=\"https:\/\/blogdorogeriogomes.com.br\/wp-content\/uploads\/2021\/07\/images-2021-07-17T074354.233.jpeg\" alt=\"\" class=\"wp-image-22036\" srcset=\"https:\/\/blogdorogeriogomes.com.br\/noticias\/wp-content\/uploads\/2021\/07\/images-2021-07-17T074354.233.jpeg 715w, https:\/\/blogdorogeriogomes.com.br\/noticias\/wp-content\/uploads\/2021\/07\/images-2021-07-17T074354.233-300x180.jpeg 300w\" sizes=\"auto, (max-width: 715px) 100vw, 715px\" \/><\/figure>\n","protected":false},"excerpt":{"rendered":"<p>O general Eduardo Pazuello se reuniu com negociantes que ofereceram doses da CoronaVac pelo triplo do pre\u00e7o ao Minist\u00e9rio da Sa\u00fade, quando ainda era titular da pasta. O contrato fechado com o Butantan saiu por US$ 10 d\u00f3lares cada dose. No contrato apresentado em reuni\u00e3o com o ent\u00e3o ministro, cada dose sairia por 28 d\u00f3lares. As informa\u00e7\u00f5es foram reveladas nesta sexta-feira, dia 16 de julho, pela Folha de S. Paulo. Em seu blog no portal G1, o jornalista Valdo&hellip;<\/p>\n","protected":false},"author":1,"featured_media":22036,"comment_status":"open","ping_status":"open","sticky":false,"template":"","format":"standard","meta":{"footnotes":""},"categories":[1],"tags":[],"class_list":["post-22035","post","type-post","status-publish","format-standard","has-post-thumbnail","hentry","category-noticias"],"_links":{"self":[{"href":"https:\/\/blogdorogeriogomes.com.br\/noticias\/wp-json\/wp\/v2\/posts\/22035","targetHints":{"allow":["GET"]}}],"collection":[{"href":"https:\/\/blogdorogeriogomes.com.br\/noticias\/wp-json\/wp\/v2\/posts"}],"about":[{"href":"https:\/\/blogdorogeriogomes.com.br\/noticias\/wp-json\/wp\/v2\/types\/post"}],"author":[{"embeddable":true,"href":"https:\/\/blogdorogeriogomes.com.br\/noticias\/wp-json\/wp\/v2\/users\/1"}],"replies":[{"embeddable":true,"href":"https:\/\/blogdorogeriogomes.com.br\/noticias\/wp-json\/wp\/v2\/comments?post=22035"}],"version-history":[{"count":1,"href":"https:\/\/blogdorogeriogomes.com.br\/noticias\/wp-json\/wp\/v2\/posts\/22035\/revisions"}],"predecessor-version":[{"id":22037,"href":"https:\/\/blogdorogeriogomes.com.br\/noticias\/wp-json\/wp\/v2\/posts\/22035\/revisions\/22037"}],"wp:featuredmedia":[{"embeddable":true,"href":"https:\/\/blogdorogeriogomes.com.br\/noticias\/wp-json\/wp\/v2\/media\/22036"}],"wp:attachment":[{"href":"https:\/\/blogdorogeriogomes.com.br\/noticias\/wp-json\/wp\/v2\/media?parent=22035"}],"wp:term":[{"taxonomy":"category","embeddable":true,"href":"https:\/\/blogdorogeriogomes.com.br\/noticias\/wp-json\/wp\/v2\/categories?post=22035"},{"taxonomy":"post_tag","embeddable":true,"href":"https:\/\/blogdorogeriogomes.com.br\/noticias\/wp-json\/wp\/v2\/tags?post=22035"}],"curies":[{"name":"wp","href":"https:\/\/api.w.org\/{rel}","templated":true}]}}