{"id":22038,"date":"2021-07-17T11:03:34","date_gmt":"2021-07-17T11:03:34","guid":{"rendered":"https:\/\/blogdorogeriogomes.com.br\/?p=22038"},"modified":"2021-07-19T10:02:11","modified_gmt":"2021-07-19T10:02:11","slug":"fortaleza-nao-tera-vacinacao-neste-fim-de-semana-por-falta-de-doses","status":"publish","type":"post","link":"https:\/\/blogdorogeriogomes.com.br\/noticias\/2021\/07\/fortaleza-nao-tera-vacinacao-neste-fim-de-semana-por-falta-de-doses\/","title":{"rendered":"Fortaleza n\u00e3o ter\u00e1 vacina\u00e7\u00e3o neste fim de semana por falta de doses"},"content":{"rendered":"\n<p>A baixa no estoque de vacinas fez com que a Secretaria de Sa\u00fade de Fortaleza suspendesse a aplica\u00e7\u00e3o de imunizantes neste fim de semana na Capital. De acordo com o prefeito Jos\u00e9 Sarto (PDT), todo o estoque de primeira dose foi aplicado at\u00e9 esta sexta-feira, dia 16 de julho. \u201cEstamos aguardando o envio de novos lotes para retomar agendamentos de primeira dose\u201d, escreveu o gestor municipal em publica\u00e7\u00e3o nas redes sociais. O \u00faltimo lote de vacinas recebido pelo Cear\u00e1, com 176.750 doses da AstraZeneca foi destinado \u00e0 aplica\u00e7\u00e3o de segunda dose. Na pr\u00f3xima segunda-feira, dia 19, ser\u00e1 retomada a aplica\u00e7\u00e3o da segunda dose em Fortaleza.<\/p>\n\n\n\n<p>Conforme a Secretaria de Sa\u00fade do Cear\u00e1, o Estado ultrapassou a marca de 5 milh\u00f5es de doses aplicadas das vacinas contra a Covid-19. Ao todo, s\u00e3o&nbsp;5.010.320&nbsp;doses, sendo 3,6 milh\u00f5es aplicadas na primeira dose, mais 1,2 milh\u00e3o na segunda dose e mais de 139 mil na dose \u00fanica.<\/p>\n\n\n\n<figure class=\"wp-block-image size-large\"><img loading=\"lazy\" decoding=\"async\" width=\"738\" height=\"415\" src=\"https:\/\/blogdorogeriogomes.com.br\/wp-content\/uploads\/2021\/07\/images-2021-07-17T080257.308.jpeg\" alt=\"\" class=\"wp-image-22039\" srcset=\"https:\/\/blogdorogeriogomes.com.br\/noticias\/wp-content\/uploads\/2021\/07\/images-2021-07-17T080257.308.jpeg 738w, https:\/\/blogdorogeriogomes.com.br\/noticias\/wp-content\/uploads\/2021\/07\/images-2021-07-17T080257.308-300x169.jpeg 300w\" sizes=\"auto, (max-width: 738px) 100vw, 738px\" \/><\/figure>\n","protected":false},"excerpt":{"rendered":"<p>A baixa no estoque de vacinas fez com que a Secretaria de Sa\u00fade de Fortaleza suspendesse a aplica\u00e7\u00e3o de imunizantes neste fim de semana na Capital. De acordo com o prefeito Jos\u00e9 Sarto (PDT), todo o estoque de primeira dose foi aplicado at\u00e9 esta sexta-feira, dia 16 de julho. \u201cEstamos aguardando o envio de novos lotes para retomar agendamentos de primeira dose\u201d, escreveu o gestor municipal em publica\u00e7\u00e3o nas redes sociais. O \u00faltimo lote de vacinas recebido pelo Cear\u00e1,&hellip;<\/p>\n","protected":false},"author":1,"featured_media":22039,"comment_status":"open","ping_status":"open","sticky":false,"template":"","format":"standard","meta":{"footnotes":""},"categories":[1],"tags":[],"class_list":["post-22038","post","type-post","status-publish","format-standard","has-post-thumbnail","hentry","category-noticias"],"_links":{"self":[{"href":"https:\/\/blogdorogeriogomes.com.br\/noticias\/wp-json\/wp\/v2\/posts\/22038","targetHints":{"allow":["GET"]}}],"collection":[{"href":"https:\/\/blogdorogeriogomes.com.br\/noticias\/wp-json\/wp\/v2\/posts"}],"about":[{"href":"https:\/\/blogdorogeriogomes.com.br\/noticias\/wp-json\/wp\/v2\/types\/post"}],"author":[{"embeddable":true,"href":"https:\/\/blogdorogeriogomes.com.br\/noticias\/wp-json\/wp\/v2\/users\/1"}],"replies":[{"embeddable":true,"href":"https:\/\/blogdorogeriogomes.com.br\/noticias\/wp-json\/wp\/v2\/comments?post=22038"}],"version-history":[{"count":2,"href":"https:\/\/blogdorogeriogomes.com.br\/noticias\/wp-json\/wp\/v2\/posts\/22038\/revisions"}],"predecessor-version":[{"id":22045,"href":"https:\/\/blogdorogeriogomes.com.br\/noticias\/wp-json\/wp\/v2\/posts\/22038\/revisions\/22045"}],"wp:featuredmedia":[{"embeddable":true,"href":"https:\/\/blogdorogeriogomes.com.br\/noticias\/wp-json\/wp\/v2\/media\/22039"}],"wp:attachment":[{"href":"https:\/\/blogdorogeriogomes.com.br\/noticias\/wp-json\/wp\/v2\/media?parent=22038"}],"wp:term":[{"taxonomy":"category","embeddable":true,"href":"https:\/\/blogdorogeriogomes.com.br\/noticias\/wp-json\/wp\/v2\/categories?post=22038"},{"taxonomy":"post_tag","embeddable":true,"href":"https:\/\/blogdorogeriogomes.com.br\/noticias\/wp-json\/wp\/v2\/tags?post=22038"}],"curies":[{"name":"wp","href":"https:\/\/api.w.org\/{rel}","templated":true}]}}