{"id":22041,"date":"2021-07-19T09:48:52","date_gmt":"2021-07-19T09:48:52","guid":{"rendered":"https:\/\/blogdorogeriogomes.com.br\/?p=22041"},"modified":"2021-07-19T10:02:04","modified_gmt":"2021-07-19T10:02:04","slug":"tasso-jereissati-avalia-que-governo-bolsonaro-ja-sofre-consequencias-do-isolamento","status":"publish","type":"post","link":"https:\/\/blogdorogeriogomes.com.br\/noticias\/2021\/07\/tasso-jereissati-avalia-que-governo-bolsonaro-ja-sofre-consequencias-do-isolamento\/","title":{"rendered":"Tasso Jereissati avalia que Governo Bolsonaro j\u00e1 sofre consequ\u00eancias do isolamento"},"content":{"rendered":"\n<p>O senador cearense Tasso Jereissati (PSDB) avalia que o Governo Bolsonaro j\u00e1 sofre consequ\u00eancias do isolamento pol\u00edtico. &#8220;J\u00e1 no come\u00e7o do ano, eu me preocupava com os sinais que Bolsonaro dava de autoritarismo, querendo fazer amea\u00e7as \u00e0s institui\u00e7\u00f5es, colocando em d\u00favida o resultado das elei\u00e7\u00f5es, imitando o ex-presidente (Donald) Trump. Mas hoje eu me preocupo menos. Apesar do discurso estar mais radicalizado, percebo que ele est\u00e1 ficando cada vez mais isolado. No in\u00edcio, as pessoas viam um presidente moralista. Hoje veem um autorit\u00e1rio, cheio de problemas, desde uma p\u00e9ssima administra\u00e7\u00e3o, at\u00e9 casos de corrup\u00e7\u00e3o&#8221;, disse Tasso em uma entrevista ao jornal Valor Econ\u00f4mico.<\/p>\n\n\n\n<p>O senador cearense ainda fez refer\u00eancia aos \u00faltimos epis\u00f3dios envolvendo as For\u00e7as Armadas na crise pol\u00edtica. &#8220;Quero acreditar que aquela nota, mas, principalmente, a entrevista do comandante da Aeron\u00e1utica (brigadeiro Baptista J\u00fanior) foram pontos fora da curva. Evidentemente que o comandante da FAB (For\u00e7a A\u00e9rea Brasileira), pela vis\u00e3o que ele tem, n\u00e3o \u00e9 um democrata. E a gente sabe que tem no Governo Bolsonaro v\u00e1rias pessoas que n\u00e3o s\u00e3o democratas, n\u00e3o acreditam na conviv\u00eancia das diverg\u00eancias&#8221;, avaliou Tasso Jereissati.<\/p>\n\n\n\n<figure class=\"wp-block-image size-large\"><img loading=\"lazy\" decoding=\"async\" width=\"678\" height=\"452\" src=\"https:\/\/blogdorogeriogomes.com.br\/wp-content\/uploads\/2021\/07\/images-2021-07-19T064258.288.jpeg\" alt=\"\" class=\"wp-image-22042\" srcset=\"https:\/\/blogdorogeriogomes.com.br\/noticias\/wp-content\/uploads\/2021\/07\/images-2021-07-19T064258.288.jpeg 678w, https:\/\/blogdorogeriogomes.com.br\/noticias\/wp-content\/uploads\/2021\/07\/images-2021-07-19T064258.288-300x200.jpeg 300w\" sizes=\"auto, (max-width: 678px) 100vw, 678px\" \/><\/figure>\n","protected":false},"excerpt":{"rendered":"<p>O senador cearense Tasso Jereissati (PSDB) avalia que o Governo Bolsonaro j\u00e1 sofre consequ\u00eancias do isolamento pol\u00edtico. &#8220;J\u00e1 no come\u00e7o do ano, eu me preocupava com os sinais que Bolsonaro dava de autoritarismo, querendo fazer amea\u00e7as \u00e0s institui\u00e7\u00f5es, colocando em d\u00favida o resultado das elei\u00e7\u00f5es, imitando o ex-presidente (Donald) Trump. Mas hoje eu me preocupo menos. Apesar do discurso estar mais radicalizado, percebo que ele est\u00e1 ficando cada vez mais isolado. No in\u00edcio, as pessoas viam um presidente moralista.&hellip;<\/p>\n","protected":false},"author":1,"featured_media":22042,"comment_status":"open","ping_status":"open","sticky":false,"template":"","format":"standard","meta":{"footnotes":""},"categories":[1],"tags":[],"class_list":["post-22041","post","type-post","status-publish","format-standard","has-post-thumbnail","hentry","category-noticias"],"_links":{"self":[{"href":"https:\/\/blogdorogeriogomes.com.br\/noticias\/wp-json\/wp\/v2\/posts\/22041","targetHints":{"allow":["GET"]}}],"collection":[{"href":"https:\/\/blogdorogeriogomes.com.br\/noticias\/wp-json\/wp\/v2\/posts"}],"about":[{"href":"https:\/\/blogdorogeriogomes.com.br\/noticias\/wp-json\/wp\/v2\/types\/post"}],"author":[{"embeddable":true,"href":"https:\/\/blogdorogeriogomes.com.br\/noticias\/wp-json\/wp\/v2\/users\/1"}],"replies":[{"embeddable":true,"href":"https:\/\/blogdorogeriogomes.com.br\/noticias\/wp-json\/wp\/v2\/comments?post=22041"}],"version-history":[{"count":1,"href":"https:\/\/blogdorogeriogomes.com.br\/noticias\/wp-json\/wp\/v2\/posts\/22041\/revisions"}],"predecessor-version":[{"id":22043,"href":"https:\/\/blogdorogeriogomes.com.br\/noticias\/wp-json\/wp\/v2\/posts\/22041\/revisions\/22043"}],"wp:featuredmedia":[{"embeddable":true,"href":"https:\/\/blogdorogeriogomes.com.br\/noticias\/wp-json\/wp\/v2\/media\/22042"}],"wp:attachment":[{"href":"https:\/\/blogdorogeriogomes.com.br\/noticias\/wp-json\/wp\/v2\/media?parent=22041"}],"wp:term":[{"taxonomy":"category","embeddable":true,"href":"https:\/\/blogdorogeriogomes.com.br\/noticias\/wp-json\/wp\/v2\/categories?post=22041"},{"taxonomy":"post_tag","embeddable":true,"href":"https:\/\/blogdorogeriogomes.com.br\/noticias\/wp-json\/wp\/v2\/tags?post=22041"}],"curies":[{"name":"wp","href":"https:\/\/api.w.org\/{rel}","templated":true}]}}