{"id":22053,"date":"2021-07-19T19:37:49","date_gmt":"2021-07-19T19:37:49","guid":{"rendered":"https:\/\/blogdorogeriogomes.com.br\/?p=22053"},"modified":"2021-07-20T11:00:20","modified_gmt":"2021-07-20T11:00:20","slug":"bolsonaro-culpa-vice-presidente-da-camara-por-aumento-do-fundo-eleitoral-deputado-acusa-que-pauta-partiu-do-governo-federal","status":"publish","type":"post","link":"https:\/\/blogdorogeriogomes.com.br\/noticias\/2021\/07\/bolsonaro-culpa-vice-presidente-da-camara-por-aumento-do-fundo-eleitoral-deputado-acusa-que-pauta-partiu-do-governo-federal\/","title":{"rendered":"Bolsonaro culpa vice-presidente da C\u00e2mara por aumento do Fundo Eleitoral. Deputado acusa que pauta partiu do Governo Federal"},"content":{"rendered":"\n<p>A eleva\u00e7\u00e3o do valor do Fundo Eleitoral, que fechou no valor de R$ 5,7 bilh\u00f5es para o pleito de 2022, pelo Congresso Nacional gerou uma avalanche de cr\u00edticas e protestos populares no fim da semana passada. Em busca de se esquivar de mais uma press\u00e3o sobre sua gest\u00e3o, o presidente Jair Bolsonaro afirmou que pode vetar a decis\u00e3o e que a culpa do fundo ter sido aprovado foi do deputado federal e vice-presidente da C\u00e2mara dos Deputados, Marcelo Ramos (PL). Isso significa, no entanto, comprar uma briga com o Centr\u00e3o.<\/p>\n\n\n\n<p>Segundo Bolsonaro, Ramos teria &#8220;atropelado&#8221; a vota\u00e7\u00e3o da Lei de Diretrizes Or\u00e7ament\u00e1rias (LDO) enquanto presidia a sess\u00e3o plen\u00e1ria, n\u00e3o destacando na hora da vota\u00e7\u00e3o a previs\u00e3o de reajuste do Fundo Eleitoral. O presidente disse tamb\u00e9m que os parlamentares da base foram induzidos a votarem a favor do &#8220;Fund\u00e3o&#8221;.<\/p>\n\n\n\n<p>Por meio de suas redes sociais, Marcelo Ramos respondeu ao presidente e disse que foi o pr\u00f3prio governo de Bolsonaro que encaminhou a pauta.<\/p>\n\n\n\n<p>&#8220;Se depender do Bolsonaro ele n\u00e3o \u00e9 respons\u00e1vel por nenhuma das mais de 530 mil pessoas mortas na pandemia, nem por 15 milh\u00f5es de desempregados, nem por 19 milh\u00f5es de brasileiros com fome e nem mesmo pela escandalosa tentativa de roubo na compra de vacinas. Ele deveria \u00e9 dizer que vai vetar, mas vai tentar arrumar algu\u00e9m para responsabilizar tamb\u00e9m, porque \u00e9 t\u00edpico dele e dos filhos correr das suas responsabilidades e obriga\u00e7\u00f5es&#8221;, escreveu o deputado no Twitter.<\/p>\n\n\n\n<p>Irritado, Marcelo Ramos enviou requerimento \u00e0 Mesa da C\u00e2mara dos Deputados para que o presidente Arthur Lira envie a ele c\u00f3pia de todos os pedidos de impeachment de Bolsonaro. \u201c\u00c9 preciso fazer alguns pedidos de impeachment andarem\u201d, decretou o primeiro vice-presidente da C\u00e2mara.<\/p>\n\n\n\n<figure class=\"wp-block-image size-large\"><img loading=\"lazy\" decoding=\"async\" width=\"715\" height=\"429\" src=\"https:\/\/blogdorogeriogomes.com.br\/wp-content\/uploads\/2021\/07\/images-2021-07-19T163257.149.jpeg\" alt=\"\" class=\"wp-image-22054\" srcset=\"https:\/\/blogdorogeriogomes.com.br\/noticias\/wp-content\/uploads\/2021\/07\/images-2021-07-19T163257.149.jpeg 715w, https:\/\/blogdorogeriogomes.com.br\/noticias\/wp-content\/uploads\/2021\/07\/images-2021-07-19T163257.149-300x180.jpeg 300w\" sizes=\"auto, (max-width: 715px) 100vw, 715px\" \/><\/figure>\n","protected":false},"excerpt":{"rendered":"<p>A eleva\u00e7\u00e3o do valor do Fundo Eleitoral, que fechou no valor de R$ 5,7 bilh\u00f5es para o pleito de 2022, pelo Congresso Nacional gerou uma avalanche de cr\u00edticas e protestos populares no fim da semana passada. Em busca de se esquivar de mais uma press\u00e3o sobre sua gest\u00e3o, o presidente Jair Bolsonaro afirmou que pode vetar a decis\u00e3o e que a culpa do fundo ter sido aprovado foi do deputado federal e vice-presidente da C\u00e2mara dos Deputados, Marcelo Ramos&hellip;<\/p>\n","protected":false},"author":1,"featured_media":22054,"comment_status":"open","ping_status":"open","sticky":false,"template":"","format":"standard","meta":{"footnotes":""},"categories":[1],"tags":[],"class_list":["post-22053","post","type-post","status-publish","format-standard","has-post-thumbnail","hentry","category-noticias"],"_links":{"self":[{"href":"https:\/\/blogdorogeriogomes.com.br\/noticias\/wp-json\/wp\/v2\/posts\/22053","targetHints":{"allow":["GET"]}}],"collection":[{"href":"https:\/\/blogdorogeriogomes.com.br\/noticias\/wp-json\/wp\/v2\/posts"}],"about":[{"href":"https:\/\/blogdorogeriogomes.com.br\/noticias\/wp-json\/wp\/v2\/types\/post"}],"author":[{"embeddable":true,"href":"https:\/\/blogdorogeriogomes.com.br\/noticias\/wp-json\/wp\/v2\/users\/1"}],"replies":[{"embeddable":true,"href":"https:\/\/blogdorogeriogomes.com.br\/noticias\/wp-json\/wp\/v2\/comments?post=22053"}],"version-history":[{"count":1,"href":"https:\/\/blogdorogeriogomes.com.br\/noticias\/wp-json\/wp\/v2\/posts\/22053\/revisions"}],"predecessor-version":[{"id":22055,"href":"https:\/\/blogdorogeriogomes.com.br\/noticias\/wp-json\/wp\/v2\/posts\/22053\/revisions\/22055"}],"wp:featuredmedia":[{"embeddable":true,"href":"https:\/\/blogdorogeriogomes.com.br\/noticias\/wp-json\/wp\/v2\/media\/22054"}],"wp:attachment":[{"href":"https:\/\/blogdorogeriogomes.com.br\/noticias\/wp-json\/wp\/v2\/media?parent=22053"}],"wp:term":[{"taxonomy":"category","embeddable":true,"href":"https:\/\/blogdorogeriogomes.com.br\/noticias\/wp-json\/wp\/v2\/categories?post=22053"},{"taxonomy":"post_tag","embeddable":true,"href":"https:\/\/blogdorogeriogomes.com.br\/noticias\/wp-json\/wp\/v2\/tags?post=22053"}],"curies":[{"name":"wp","href":"https:\/\/api.w.org\/{rel}","templated":true}]}}