{"id":22056,"date":"2021-07-19T22:55:41","date_gmt":"2021-07-19T22:55:41","guid":{"rendered":"https:\/\/blogdorogeriogomes.com.br\/?p=22056"},"modified":"2021-07-20T11:00:12","modified_gmt":"2021-07-20T11:00:12","slug":"pacto-contra-o-coronavirus-tem-atividades-em-crateus-e-taua-nesta-terca-feira","status":"publish","type":"post","link":"https:\/\/blogdorogeriogomes.com.br\/noticias\/2021\/07\/pacto-contra-o-coronavirus-tem-atividades-em-crateus-e-taua-nesta-terca-feira\/","title":{"rendered":"Pacto Contra o Coronav\u00edrus tem atividades em Crate\u00fas e Tau\u00e1 nesta ter\u00e7a-feira"},"content":{"rendered":"\n<p>Ap\u00f3s passagem por Sobral e Vi\u00e7osa nesta segunda-feira, dia 19 de julho, o Pacto Contra o Coronav\u00edrus avan\u00e7a nas visitas pelo interior do Cear\u00e1 e chega nesta ter\u00e7a-feira, dia 20, aos munic\u00edpios de Crate\u00fas e Tau\u00e1. As a\u00e7\u00f5es para refor\u00e7ar o cadastro da vacina\u00e7\u00e3o contra a Covid-19 se iniciam \u00e0s 9 horas no Instituto de Desenvolvimento do Trabalho (IDT), em Crate\u00fas. Em seguida, ainda pela manh\u00e3, no mesmo munic\u00edpio, representantes do Pacto ir\u00e3o at\u00e9 a C\u00e2mara dos Dirigentes Lojistas (CDL). \u00c0 tarde, o encontro ser\u00e1 na CDL de Tau\u00e1, onde tamb\u00e9m est\u00e1 colocado um posto de cadastro para facilitar o acesso \u00e0 vacina pela popula\u00e7\u00e3o.<\/p>\n\n\n\n<p>Na pr\u00f3xima quinta-feira, dia 22, integrantes do Pacto estar\u00e3o em Aracati e Morada Nova. A campanha para fortalecer o cadastro no interior do estado \u00e9 uma parceria entre Assembleia Legislativa, Associa\u00e7\u00e3o dos Munic\u00edpios do Estado do Cear\u00e1 (Aprece), Federa\u00e7\u00e3o das C\u00e2maras dos Dirigentes Lojistas do Cear\u00e1 (FCDL), Ordem dos Advogados do Brasil (OAB-CE) e IDT.<\/p>\n\n\n\n<p>Al\u00e9m do cadastro na Plataforma Sa\u00fade Digital, ser\u00e1 refor\u00e7ada a import\u00e2ncia de manter o distanciamento social, a higieniza\u00e7\u00e3o constante das m\u00e3os e a obedi\u00eancia aos protocolos das autoridades sanit\u00e1rias. &#8220;\u00c9 importante que estejamos neste momento unindo for\u00e7as. Quero agradecer desde j\u00e1 os parceiros, pois \u00e9 dessa forma que iremos superar efetivamente um momento de tanta dificuldade que a humanidade est\u00e1 passando, que \u00e9 essa pandemia do coronav\u00edrus, que tem tirado a vida das pessoas. Temos perdas de mais de 24 mil pessoas somente no estado do Cear\u00e1. Uni\u00e3o de esfor\u00e7os em um trabalho de sensibiliza\u00e7\u00e3o para que a popula\u00e7\u00e3o cearense compreenda que n\u00e3o pode haver relaxamento, nem retrocesso nas a\u00e7\u00f5es j\u00e1 tomadas, sejam elas de \u00e1rea sanit\u00e1ria, sejam da economia&#8221;, afirma o presidente da Assembleia Legislativa, deputado Evandro Leit\u00e3o.<\/p>\n\n\n\n<p>Lan\u00e7ado no dia 23 de junho, o Pacto Contra o Coronav\u00edrus do Cear\u00e1 tem a uni\u00e3o de 18 institui\u00e7\u00f5es com a finalidade de evitar retrocessos no controle da pandemia e retomar o crescimento econ\u00f4mico e gera\u00e7\u00e3o de emprego e renda.<\/p>\n\n\n\n<figure class=\"wp-block-image size-large\"><img loading=\"lazy\" decoding=\"async\" width=\"1024\" height=\"682\" src=\"https:\/\/blogdorogeriogomes.com.br\/wp-content\/uploads\/2021\/07\/IMG-20210719-WA0081-1024x682.jpg\" alt=\"\" class=\"wp-image-22057\" srcset=\"https:\/\/blogdorogeriogomes.com.br\/noticias\/wp-content\/uploads\/2021\/07\/IMG-20210719-WA0081-1024x682.jpg 1024w, https:\/\/blogdorogeriogomes.com.br\/noticias\/wp-content\/uploads\/2021\/07\/IMG-20210719-WA0081-300x200.jpg 300w, https:\/\/blogdorogeriogomes.com.br\/noticias\/wp-content\/uploads\/2021\/07\/IMG-20210719-WA0081-768x511.jpg 768w, https:\/\/blogdorogeriogomes.com.br\/noticias\/wp-content\/uploads\/2021\/07\/IMG-20210719-WA0081-800x533.jpg 800w, https:\/\/blogdorogeriogomes.com.br\/noticias\/wp-content\/uploads\/2021\/07\/IMG-20210719-WA0081.jpg 1280w\" sizes=\"auto, (max-width: 1024px) 100vw, 1024px\" \/><\/figure>\n","protected":false},"excerpt":{"rendered":"<p>Ap\u00f3s passagem por Sobral e Vi\u00e7osa nesta segunda-feira, dia 19 de julho, o Pacto Contra o Coronav\u00edrus avan\u00e7a nas visitas pelo interior do Cear\u00e1 e chega nesta ter\u00e7a-feira, dia 20, aos munic\u00edpios de Crate\u00fas e Tau\u00e1. As a\u00e7\u00f5es para refor\u00e7ar o cadastro da vacina\u00e7\u00e3o contra a Covid-19 se iniciam \u00e0s 9 horas no Instituto de Desenvolvimento do Trabalho (IDT), em Crate\u00fas. Em seguida, ainda pela manh\u00e3, no mesmo munic\u00edpio, representantes do Pacto ir\u00e3o at\u00e9 a C\u00e2mara dos Dirigentes Lojistas&hellip;<\/p>\n","protected":false},"author":1,"featured_media":22057,"comment_status":"open","ping_status":"open","sticky":false,"template":"","format":"standard","meta":{"footnotes":""},"categories":[1],"tags":[],"class_list":["post-22056","post","type-post","status-publish","format-standard","has-post-thumbnail","hentry","category-noticias"],"_links":{"self":[{"href":"https:\/\/blogdorogeriogomes.com.br\/noticias\/wp-json\/wp\/v2\/posts\/22056","targetHints":{"allow":["GET"]}}],"collection":[{"href":"https:\/\/blogdorogeriogomes.com.br\/noticias\/wp-json\/wp\/v2\/posts"}],"about":[{"href":"https:\/\/blogdorogeriogomes.com.br\/noticias\/wp-json\/wp\/v2\/types\/post"}],"author":[{"embeddable":true,"href":"https:\/\/blogdorogeriogomes.com.br\/noticias\/wp-json\/wp\/v2\/users\/1"}],"replies":[{"embeddable":true,"href":"https:\/\/blogdorogeriogomes.com.br\/noticias\/wp-json\/wp\/v2\/comments?post=22056"}],"version-history":[{"count":1,"href":"https:\/\/blogdorogeriogomes.com.br\/noticias\/wp-json\/wp\/v2\/posts\/22056\/revisions"}],"predecessor-version":[{"id":22058,"href":"https:\/\/blogdorogeriogomes.com.br\/noticias\/wp-json\/wp\/v2\/posts\/22056\/revisions\/22058"}],"wp:featuredmedia":[{"embeddable":true,"href":"https:\/\/blogdorogeriogomes.com.br\/noticias\/wp-json\/wp\/v2\/media\/22057"}],"wp:attachment":[{"href":"https:\/\/blogdorogeriogomes.com.br\/noticias\/wp-json\/wp\/v2\/media?parent=22056"}],"wp:term":[{"taxonomy":"category","embeddable":true,"href":"https:\/\/blogdorogeriogomes.com.br\/noticias\/wp-json\/wp\/v2\/categories?post=22056"},{"taxonomy":"post_tag","embeddable":true,"href":"https:\/\/blogdorogeriogomes.com.br\/noticias\/wp-json\/wp\/v2\/tags?post=22056"}],"curies":[{"name":"wp","href":"https:\/\/api.w.org\/{rel}","templated":true}]}}