{"id":22059,"date":"2021-07-20T11:08:24","date_gmt":"2021-07-20T11:08:24","guid":{"rendered":"https:\/\/blogdorogeriogomes.com.br\/?p=22059"},"modified":"2021-07-22T12:24:11","modified_gmt":"2021-07-22T12:24:11","slug":"novos-lotes-de-vacinas-contra-a-covid-19-garantem-mais-390-mil-doses-para-o-ceara-ate-esta-terca-feira","status":"publish","type":"post","link":"https:\/\/blogdorogeriogomes.com.br\/noticias\/2021\/07\/novos-lotes-de-vacinas-contra-a-covid-19-garantem-mais-390-mil-doses-para-o-ceara-ate-esta-terca-feira\/","title":{"rendered":"Novos lotes de vacinas contra a Covid-19 garantem mais 390 mil doses para o Cear\u00e1 at\u00e9 esta ter\u00e7a-feira"},"content":{"rendered":"\n<p>Cerca de 390 mil doses de vacinas contra a Covid-19 estar\u00e3o dispon\u00edveis para os cearenses at\u00e9 esta ter\u00e7a-feira, dia 20 de julho. Ainda ontem, dois lotes com cerca de 135 mil doses de vacinas contra a Covid-19 desembarcaram no Aeroporto de Fortaleza. Foram 50.700 doses da Astrazeneca e 84.600 de CoronaVac. Para esta ter\u00e7a-feira, est\u00e1 prevista a chegada de outros dois lotes, sendo 52.650 da Pfizer e 202.500 da AstraZeneca.<\/p>\n\n\n\n<p>Pessoas nascidas entre os anos de 1990 e 1992 come\u00e7am a ser agendadas para receber a vacina contra Covid-19 em Fortaleza.&nbsp;<\/p>\n\n\n\n<p>Levantamento feito pelo O POVO mostra que com o ritmo atual da vacina\u00e7\u00e3o, a popula\u00e7\u00e3o cearense com mais de 18 anos seria totalmente imunizada com pelo menos uma dose da vacina somente na segunda semana de outubro deste ano. Segundo a plataforma Vacin\u00f4metro, gerenciada pela Secretaria da Sa\u00fade do Cear\u00e1, at\u00e9 ontem, 3,7 milh\u00f5es de cearenses j\u00e1 receberam pelo menos uma dose, incluindo vacinas da Janssen, administrada em dose \u00fanica. O n\u00famero representa 54% da popula\u00e7\u00e3o com mais de 18 anos no Estado, que conta com 6,8 milh\u00f5es de pessoas nessa faixa et\u00e1ria.<\/p>\n\n\n\n<figure class=\"wp-block-image size-large\"><img loading=\"lazy\" decoding=\"async\" width=\"679\" height=\"452\" src=\"https:\/\/blogdorogeriogomes.com.br\/wp-content\/uploads\/2021\/07\/images-2021-07-20T080730.362.jpeg\" alt=\"\" class=\"wp-image-22060\" srcset=\"https:\/\/blogdorogeriogomes.com.br\/noticias\/wp-content\/uploads\/2021\/07\/images-2021-07-20T080730.362.jpeg 679w, https:\/\/blogdorogeriogomes.com.br\/noticias\/wp-content\/uploads\/2021\/07\/images-2021-07-20T080730.362-300x200.jpeg 300w\" sizes=\"auto, (max-width: 679px) 100vw, 679px\" \/><\/figure>\n\n\n\n<p><br><\/p>\n","protected":false},"excerpt":{"rendered":"<p>Cerca de 390 mil doses de vacinas contra a Covid-19 estar\u00e3o dispon\u00edveis para os cearenses at\u00e9 esta ter\u00e7a-feira, dia 20 de julho. Ainda ontem, dois lotes com cerca de 135 mil doses de vacinas contra a Covid-19 desembarcaram no Aeroporto de Fortaleza. Foram 50.700 doses da Astrazeneca e 84.600 de CoronaVac. Para esta ter\u00e7a-feira, est\u00e1 prevista a chegada de outros dois lotes, sendo 52.650 da Pfizer e 202.500 da AstraZeneca. Pessoas nascidas entre os anos de 1990 e 1992&hellip;<\/p>\n","protected":false},"author":1,"featured_media":22060,"comment_status":"open","ping_status":"open","sticky":false,"template":"","format":"standard","meta":{"footnotes":""},"categories":[1],"tags":[],"class_list":["post-22059","post","type-post","status-publish","format-standard","has-post-thumbnail","hentry","category-noticias"],"_links":{"self":[{"href":"https:\/\/blogdorogeriogomes.com.br\/noticias\/wp-json\/wp\/v2\/posts\/22059","targetHints":{"allow":["GET"]}}],"collection":[{"href":"https:\/\/blogdorogeriogomes.com.br\/noticias\/wp-json\/wp\/v2\/posts"}],"about":[{"href":"https:\/\/blogdorogeriogomes.com.br\/noticias\/wp-json\/wp\/v2\/types\/post"}],"author":[{"embeddable":true,"href":"https:\/\/blogdorogeriogomes.com.br\/noticias\/wp-json\/wp\/v2\/users\/1"}],"replies":[{"embeddable":true,"href":"https:\/\/blogdorogeriogomes.com.br\/noticias\/wp-json\/wp\/v2\/comments?post=22059"}],"version-history":[{"count":2,"href":"https:\/\/blogdorogeriogomes.com.br\/noticias\/wp-json\/wp\/v2\/posts\/22059\/revisions"}],"predecessor-version":[{"id":22095,"href":"https:\/\/blogdorogeriogomes.com.br\/noticias\/wp-json\/wp\/v2\/posts\/22059\/revisions\/22095"}],"wp:featuredmedia":[{"embeddable":true,"href":"https:\/\/blogdorogeriogomes.com.br\/noticias\/wp-json\/wp\/v2\/media\/22060"}],"wp:attachment":[{"href":"https:\/\/blogdorogeriogomes.com.br\/noticias\/wp-json\/wp\/v2\/media?parent=22059"}],"wp:term":[{"taxonomy":"category","embeddable":true,"href":"https:\/\/blogdorogeriogomes.com.br\/noticias\/wp-json\/wp\/v2\/categories?post=22059"},{"taxonomy":"post_tag","embeddable":true,"href":"https:\/\/blogdorogeriogomes.com.br\/noticias\/wp-json\/wp\/v2\/tags?post=22059"}],"curies":[{"name":"wp","href":"https:\/\/api.w.org\/{rel}","templated":true}]}}