{"id":22062,"date":"2021-07-20T11:42:54","date_gmt":"2021-07-20T11:42:54","guid":{"rendered":"https:\/\/blogdorogeriogomes.com.br\/?p=22062"},"modified":"2021-07-22T12:24:02","modified_gmt":"2021-07-22T12:24:02","slug":"consorcio-de-governadores-do-nordeste-aprova-criacao-de-auxilio-social-para-orfaos-da-covid-19","status":"publish","type":"post","link":"https:\/\/blogdorogeriogomes.com.br\/noticias\/2021\/07\/consorcio-de-governadores-do-nordeste-aprova-criacao-de-auxilio-social-para-orfaos-da-covid-19\/","title":{"rendered":"Cons\u00f3rcio de Governadores do Nordeste aprova cria\u00e7\u00e3o de aux\u00edlio social para \u00f3rf\u00e3os da Covid-19"},"content":{"rendered":"\n<p>Os governadores do Cons\u00f3rcio do Nordeste, entre eles, o governador do Cear\u00e1, Camilo Santana, aprovaram nesta segunda-feira, dia 19 de julho, um programa de aux\u00edlio social para filhos que perderam os pais para o novo coronav\u00edrus.&nbsp;O Nordeste Acolhe prev\u00ea o pagamento de R$ 500 reais para os \u00f3rf\u00e3os da Covid-19. Cada estado deve encaminhar o programa para as assembleias legislativas.&nbsp;<\/p>\n\n\n\n<p>Nesta segunda-feira, Camilo Santana tamb\u00e9m assinou os primeiros contratos do Cear\u00e1 Credi. O programa tem a previs\u00e3o de investir R$ 100 milh\u00f5es em microcr\u00e9dito produtivo orientado.<\/p>\n\n\n\n<p>O Cear\u00e1 Credi foi criado neste per\u00edodo de pandemia e ser\u00e1 pol\u00edtica permanente do Governo do Cear\u00e1, concedendo cr\u00e9dito e capacita\u00e7\u00e3o para microempreendedores cearenses, contribuindo para a cria\u00e7\u00e3o e fortalecimento dos pequenos neg\u00f3cios e gera\u00e7\u00e3o de emprego e renda no Estado. O foco da media \u00e9 amparar microempreendedores cearenses com empr\u00e9stimos de R$ 500 e R$ 5 mil.<\/p>\n\n\n\n<figure class=\"wp-block-image size-large\"><img loading=\"lazy\" decoding=\"async\" width=\"640\" height=\"480\" src=\"https:\/\/blogdorogeriogomes.com.br\/wp-content\/uploads\/2021\/07\/images-2021-07-20T084207.767.jpeg\" alt=\"\" class=\"wp-image-22063\" srcset=\"https:\/\/blogdorogeriogomes.com.br\/noticias\/wp-content\/uploads\/2021\/07\/images-2021-07-20T084207.767.jpeg 640w, https:\/\/blogdorogeriogomes.com.br\/noticias\/wp-content\/uploads\/2021\/07\/images-2021-07-20T084207.767-300x225.jpeg 300w, https:\/\/blogdorogeriogomes.com.br\/noticias\/wp-content\/uploads\/2021\/07\/images-2021-07-20T084207.767-400x300.jpeg 400w\" sizes=\"auto, (max-width: 640px) 100vw, 640px\" \/><\/figure>\n\n\n\n<p><\/p>\n","protected":false},"excerpt":{"rendered":"<p>Os governadores do Cons\u00f3rcio do Nordeste, entre eles, o governador do Cear\u00e1, Camilo Santana, aprovaram nesta segunda-feira, dia 19 de julho, um programa de aux\u00edlio social para filhos que perderam os pais para o novo coronav\u00edrus.&nbsp;O Nordeste Acolhe prev\u00ea o pagamento de R$ 500 reais para os \u00f3rf\u00e3os da Covid-19. Cada estado deve encaminhar o programa para as assembleias legislativas.&nbsp; Nesta segunda-feira, Camilo Santana tamb\u00e9m assinou os primeiros contratos do Cear\u00e1 Credi. O programa tem a previs\u00e3o de investir&hellip;<\/p>\n","protected":false},"author":1,"featured_media":22063,"comment_status":"open","ping_status":"open","sticky":false,"template":"","format":"standard","meta":{"footnotes":""},"categories":[1],"tags":[],"class_list":["post-22062","post","type-post","status-publish","format-standard","has-post-thumbnail","hentry","category-noticias"],"_links":{"self":[{"href":"https:\/\/blogdorogeriogomes.com.br\/noticias\/wp-json\/wp\/v2\/posts\/22062","targetHints":{"allow":["GET"]}}],"collection":[{"href":"https:\/\/blogdorogeriogomes.com.br\/noticias\/wp-json\/wp\/v2\/posts"}],"about":[{"href":"https:\/\/blogdorogeriogomes.com.br\/noticias\/wp-json\/wp\/v2\/types\/post"}],"author":[{"embeddable":true,"href":"https:\/\/blogdorogeriogomes.com.br\/noticias\/wp-json\/wp\/v2\/users\/1"}],"replies":[{"embeddable":true,"href":"https:\/\/blogdorogeriogomes.com.br\/noticias\/wp-json\/wp\/v2\/comments?post=22062"}],"version-history":[{"count":2,"href":"https:\/\/blogdorogeriogomes.com.br\/noticias\/wp-json\/wp\/v2\/posts\/22062\/revisions"}],"predecessor-version":[{"id":22094,"href":"https:\/\/blogdorogeriogomes.com.br\/noticias\/wp-json\/wp\/v2\/posts\/22062\/revisions\/22094"}],"wp:featuredmedia":[{"embeddable":true,"href":"https:\/\/blogdorogeriogomes.com.br\/noticias\/wp-json\/wp\/v2\/media\/22063"}],"wp:attachment":[{"href":"https:\/\/blogdorogeriogomes.com.br\/noticias\/wp-json\/wp\/v2\/media?parent=22062"}],"wp:term":[{"taxonomy":"category","embeddable":true,"href":"https:\/\/blogdorogeriogomes.com.br\/noticias\/wp-json\/wp\/v2\/categories?post=22062"},{"taxonomy":"post_tag","embeddable":true,"href":"https:\/\/blogdorogeriogomes.com.br\/noticias\/wp-json\/wp\/v2\/tags?post=22062"}],"curies":[{"name":"wp","href":"https:\/\/api.w.org\/{rel}","templated":true}]}}