{"id":22065,"date":"2021-07-20T20:10:43","date_gmt":"2021-07-20T20:10:43","guid":{"rendered":"https:\/\/blogdorogeriogomes.com.br\/?p=22065"},"modified":"2021-07-22T12:23:03","modified_gmt":"2021-07-22T12:23:03","slug":"bolsonaro-ignora-lista-triplice-mais-uma-vez-e-reconduz-augusto-aras-para-a-pgr","status":"publish","type":"post","link":"https:\/\/blogdorogeriogomes.com.br\/noticias\/2021\/07\/bolsonaro-ignora-lista-triplice-mais-uma-vez-e-reconduz-augusto-aras-para-a-pgr\/","title":{"rendered":"Bolsonaro ignora lista tr\u00edplice mais uma vez e reconduz Augusto Aras para a PGR"},"content":{"rendered":"\n<p>O presidente Jair Bolsonaro (sem partido) encaminhou, nesta ter\u00e7a-feira, dia 20 de julho, a recondu\u00e7\u00e3o de Augusto Aras ao cargo de procurador-geral da Rep\u00fablica pelo mandato de mais dois anos. A decis\u00e3o de Bolsonaro ignora, mais uma vez, a lista tr\u00edplice apresentada por representantes do Minist\u00e9rio P\u00fablico Federal, na qual n\u00e3o consta o nome indicado.<\/p>\n\n\n\n<p>O chefe do Executivo enviou ao Senado Federal o pedido de autoriza\u00e7\u00e3o para a continuidade do procurador-geral. Os parlamentares ainda ir\u00e3o avaliar a indica\u00e7\u00e3o e Aras ser\u00e1 sabatinado pela Comiss\u00e3o de Constitui\u00e7\u00e3o e Justi\u00e7a (CCJ) da Casa.<\/p>\n\n\n\n<p>Em setembro de 2019, Bolsonaro tamb\u00e9m desprezou a lista de indica\u00e7\u00f5es do MPF para conduzir Aras \u00e0 sucess\u00e3o de Raquel Dodge.<\/p>\n\n\n\n<p>O mandato de Aras \u00e0 frente da PGR \u00e9 marcado por uma s\u00e9rie de arquivamentos de den\u00fancias e inqu\u00e9ritos que envolvem o presidente e seus aliados.<\/p>\n\n\n\n<p>Dentre outros epis\u00f3dios, o procurador foi respons\u00e1vel por defender o arquivamento do caso de cheques depositados pelo ex-assessor de Bolsonaro, Fabr\u00edcio Queiroz, na conta da primeira-dama, Michelle Bolsonaro, defendeu o foro privilegiado do senador Fl\u00e1vio Bolsonaro no esc\u00e2ndalo das rachadinhas, arquivou queixas de atos antidemocr\u00e1ticos, al\u00e9m de entravar inqu\u00e9ritos da gest\u00e3o federal na pandemia da Covid-19.<\/p>\n\n\n\n<figure class=\"wp-block-image size-large\"><img loading=\"lazy\" decoding=\"async\" width=\"464\" height=\"415\" src=\"https:\/\/blogdorogeriogomes.com.br\/wp-content\/uploads\/2021\/07\/images-2021-07-20T160601.4492.jpeg\" alt=\"\" class=\"wp-image-22066\" srcset=\"https:\/\/blogdorogeriogomes.com.br\/noticias\/wp-content\/uploads\/2021\/07\/images-2021-07-20T160601.4492.jpeg 464w, https:\/\/blogdorogeriogomes.com.br\/noticias\/wp-content\/uploads\/2021\/07\/images-2021-07-20T160601.4492-300x268.jpeg 300w\" sizes=\"auto, (max-width: 464px) 100vw, 464px\" \/><\/figure>\n","protected":false},"excerpt":{"rendered":"<p>O presidente Jair Bolsonaro (sem partido) encaminhou, nesta ter\u00e7a-feira, dia 20 de julho, a recondu\u00e7\u00e3o de Augusto Aras ao cargo de procurador-geral da Rep\u00fablica pelo mandato de mais dois anos. A decis\u00e3o de Bolsonaro ignora, mais uma vez, a lista tr\u00edplice apresentada por representantes do Minist\u00e9rio P\u00fablico Federal, na qual n\u00e3o consta o nome indicado. O chefe do Executivo enviou ao Senado Federal o pedido de autoriza\u00e7\u00e3o para a continuidade do procurador-geral. Os parlamentares ainda ir\u00e3o avaliar a indica\u00e7\u00e3o&hellip;<\/p>\n","protected":false},"author":1,"featured_media":22066,"comment_status":"open","ping_status":"open","sticky":false,"template":"","format":"standard","meta":{"footnotes":""},"categories":[1],"tags":[],"class_list":["post-22065","post","type-post","status-publish","format-standard","has-post-thumbnail","hentry","category-noticias"],"_links":{"self":[{"href":"https:\/\/blogdorogeriogomes.com.br\/noticias\/wp-json\/wp\/v2\/posts\/22065","targetHints":{"allow":["GET"]}}],"collection":[{"href":"https:\/\/blogdorogeriogomes.com.br\/noticias\/wp-json\/wp\/v2\/posts"}],"about":[{"href":"https:\/\/blogdorogeriogomes.com.br\/noticias\/wp-json\/wp\/v2\/types\/post"}],"author":[{"embeddable":true,"href":"https:\/\/blogdorogeriogomes.com.br\/noticias\/wp-json\/wp\/v2\/users\/1"}],"replies":[{"embeddable":true,"href":"https:\/\/blogdorogeriogomes.com.br\/noticias\/wp-json\/wp\/v2\/comments?post=22065"}],"version-history":[{"count":1,"href":"https:\/\/blogdorogeriogomes.com.br\/noticias\/wp-json\/wp\/v2\/posts\/22065\/revisions"}],"predecessor-version":[{"id":22067,"href":"https:\/\/blogdorogeriogomes.com.br\/noticias\/wp-json\/wp\/v2\/posts\/22065\/revisions\/22067"}],"wp:featuredmedia":[{"embeddable":true,"href":"https:\/\/blogdorogeriogomes.com.br\/noticias\/wp-json\/wp\/v2\/media\/22066"}],"wp:attachment":[{"href":"https:\/\/blogdorogeriogomes.com.br\/noticias\/wp-json\/wp\/v2\/media?parent=22065"}],"wp:term":[{"taxonomy":"category","embeddable":true,"href":"https:\/\/blogdorogeriogomes.com.br\/noticias\/wp-json\/wp\/v2\/categories?post=22065"},{"taxonomy":"post_tag","embeddable":true,"href":"https:\/\/blogdorogeriogomes.com.br\/noticias\/wp-json\/wp\/v2\/tags?post=22065"}],"curies":[{"name":"wp","href":"https:\/\/api.w.org\/{rel}","templated":true}]}}