{"id":22068,"date":"2021-07-20T20:21:17","date_gmt":"2021-07-20T20:21:17","guid":{"rendered":"https:\/\/blogdorogeriogomes.com.br\/?p=22068"},"modified":"2021-07-22T12:22:53","modified_gmt":"2021-07-22T12:22:53","slug":"ceara-tem-a-menor-ocupacao-de-utis-e-enfermarias-por-covid-19-desde-o-inicio-da-pandemia","status":"publish","type":"post","link":"https:\/\/blogdorogeriogomes.com.br\/noticias\/2021\/07\/ceara-tem-a-menor-ocupacao-de-utis-e-enfermarias-por-covid-19-desde-o-inicio-da-pandemia\/","title":{"rendered":"Cear\u00e1 tem a menor ocupa\u00e7\u00e3o de UTIs e enfermarias por Covid-19 desde o in\u00edcio da pandemia"},"content":{"rendered":"\n<p>O Cear\u00e1 registrou as menores taxas de ocupa\u00e7\u00e3o de leitos de UTI e enfermarias voltados a pacientes com Covid-19 desde abril do ano passado, um m\u00eas depois do in\u00edcio da pandemia. As informa\u00e7\u00f5es foram disponibilizadas pela Secretaria da Sa\u00fade do Cear\u00e1 (Sesa) nesta ter\u00e7a-feira, dia 20 de julho, na plataforma virtual IntegraSUS.<\/p>\n\n\n\n<p>At\u00e9 abril deste ano, o Estado esteve com os hospitais com 100% de ocupa\u00e7\u00e3o de leitos de UTI. Hoje, esse n\u00famero caiu para 50,13%, inferior ao m\u00eas de setembro do ano passado, quando chegou a 50,34%.<\/p>\n\n\n\n<p>J\u00e1 no caso das enfermarias exclusivas para Covid-19, o \u00edndice chegou ao n\u00edvel mais baixo da pandemia at\u00e9 aqui, com 25,84% marcado na \u00faltima sexta-feira. No pico da pandemia, este percentual alcan\u00e7ou os 80%. Atualmente as enfermarias est\u00e3o com a taxa em 28,02%.<\/p>\n\n\n\n<p>Desde o fim da segunda onda tamb\u00e9m t\u00eam deca\u00eddo os n\u00fameros de casos e \u00f3bitos pelo coronav\u00edrus. De junho para julho, o n\u00famero de mortes caiu em 93,3%. Contudo, mesmo com as melhoras registradas, a Secretaria da Sa\u00fade recomenda que todos mantenham os mesmos cuidados e obede\u00e7am aos protocolos sanit\u00e1rios, pois a pandemia ainda n\u00e3o acabou.<\/p>\n\n\n\n<figure class=\"wp-block-image size-large\"><img loading=\"lazy\" decoding=\"async\" width=\"739\" height=\"415\" src=\"https:\/\/blogdorogeriogomes.com.br\/wp-content\/uploads\/2021\/07\/images-2021-07-20T171931.050.jpeg\" alt=\"\" class=\"wp-image-22069\" srcset=\"https:\/\/blogdorogeriogomes.com.br\/noticias\/wp-content\/uploads\/2021\/07\/images-2021-07-20T171931.050.jpeg 739w, https:\/\/blogdorogeriogomes.com.br\/noticias\/wp-content\/uploads\/2021\/07\/images-2021-07-20T171931.050-300x168.jpeg 300w\" sizes=\"auto, (max-width: 739px) 100vw, 739px\" \/><\/figure>\n","protected":false},"excerpt":{"rendered":"<p>O Cear\u00e1 registrou as menores taxas de ocupa\u00e7\u00e3o de leitos de UTI e enfermarias voltados a pacientes com Covid-19 desde abril do ano passado, um m\u00eas depois do in\u00edcio da pandemia. As informa\u00e7\u00f5es foram disponibilizadas pela Secretaria da Sa\u00fade do Cear\u00e1 (Sesa) nesta ter\u00e7a-feira, dia 20 de julho, na plataforma virtual IntegraSUS. At\u00e9 abril deste ano, o Estado esteve com os hospitais com 100% de ocupa\u00e7\u00e3o de leitos de UTI. Hoje, esse n\u00famero caiu para 50,13%, inferior ao m\u00eas&hellip;<\/p>\n","protected":false},"author":1,"featured_media":22069,"comment_status":"open","ping_status":"open","sticky":false,"template":"","format":"standard","meta":{"footnotes":""},"categories":[1],"tags":[],"class_list":["post-22068","post","type-post","status-publish","format-standard","has-post-thumbnail","hentry","category-noticias"],"_links":{"self":[{"href":"https:\/\/blogdorogeriogomes.com.br\/noticias\/wp-json\/wp\/v2\/posts\/22068","targetHints":{"allow":["GET"]}}],"collection":[{"href":"https:\/\/blogdorogeriogomes.com.br\/noticias\/wp-json\/wp\/v2\/posts"}],"about":[{"href":"https:\/\/blogdorogeriogomes.com.br\/noticias\/wp-json\/wp\/v2\/types\/post"}],"author":[{"embeddable":true,"href":"https:\/\/blogdorogeriogomes.com.br\/noticias\/wp-json\/wp\/v2\/users\/1"}],"replies":[{"embeddable":true,"href":"https:\/\/blogdorogeriogomes.com.br\/noticias\/wp-json\/wp\/v2\/comments?post=22068"}],"version-history":[{"count":1,"href":"https:\/\/blogdorogeriogomes.com.br\/noticias\/wp-json\/wp\/v2\/posts\/22068\/revisions"}],"predecessor-version":[{"id":22070,"href":"https:\/\/blogdorogeriogomes.com.br\/noticias\/wp-json\/wp\/v2\/posts\/22068\/revisions\/22070"}],"wp:featuredmedia":[{"embeddable":true,"href":"https:\/\/blogdorogeriogomes.com.br\/noticias\/wp-json\/wp\/v2\/media\/22069"}],"wp:attachment":[{"href":"https:\/\/blogdorogeriogomes.com.br\/noticias\/wp-json\/wp\/v2\/media?parent=22068"}],"wp:term":[{"taxonomy":"category","embeddable":true,"href":"https:\/\/blogdorogeriogomes.com.br\/noticias\/wp-json\/wp\/v2\/categories?post=22068"},{"taxonomy":"post_tag","embeddable":true,"href":"https:\/\/blogdorogeriogomes.com.br\/noticias\/wp-json\/wp\/v2\/tags?post=22068"}],"curies":[{"name":"wp","href":"https:\/\/api.w.org\/{rel}","templated":true}]}}