{"id":22071,"date":"2021-07-21T10:24:20","date_gmt":"2021-07-21T10:24:20","guid":{"rendered":"https:\/\/blogdorogeriogomes.com.br\/?p=22071"},"modified":"2021-07-22T12:22:35","modified_gmt":"2021-07-22T12:22:35","slug":"para-amenizar-clima-com-o-centrao-bolsonaro-ameaca-entregar-casa-civil-para-ciro-nogueira","status":"publish","type":"post","link":"https:\/\/blogdorogeriogomes.com.br\/noticias\/2021\/07\/para-amenizar-clima-com-o-centrao-bolsonaro-ameaca-entregar-casa-civil-para-ciro-nogueira\/","title":{"rendered":"Para amenizar clima com o Centr\u00e3o, Bolsonaro amea\u00e7a entregar Casa Civil para Ciro Nogueira"},"content":{"rendered":"\n<p>Com insatisfa\u00e7\u00f5es entre membros do Centr\u00e3o, o presidente Jair Bolsonaro cogita a possibilidade de entregar a Casa Civil para o senador&nbsp;Ciro Nogueira, presidente do Progressistas (PP). Ciro \u00e9 do Piau\u00ed e um dos defensores do Pal\u00e1cio de Planalto na CPI da Covid no Senado Federal.<\/p>\n\n\n\n<p>Hoje, a Casa Civil \u00e9 ocupada por Luiz Eduardo Ramos, general da reserva, que poderia ser deslocado para outra fun\u00e7\u00e3o no Governo Federal.&nbsp;<\/p>\n\n\n\n<p>A ida de Ciro Nogueira, um dos l\u00edderes do Centr\u00e3o, para o mais importante minist\u00e9rio do Governo Federal seria uma forma de reorganizar politicamente a base aliada no momento em que Bolsonaro enfrenta sua maior dificuldade pol\u00edtica com a CPI da Covid, sofre com as maiores taxas de rejei\u00e7\u00e3o e de baixa popularidade desde o in\u00edcio do mandato.<\/p>\n\n\n\n<figure class=\"wp-block-image size-large\"><img loading=\"lazy\" decoding=\"async\" width=\"540\" height=\"304\" src=\"https:\/\/blogdorogeriogomes.com.br\/wp-content\/uploads\/2021\/07\/51297484572-3ca2d47e88-k.jpg\" alt=\"\" class=\"wp-image-22072\" srcset=\"https:\/\/blogdorogeriogomes.com.br\/noticias\/wp-content\/uploads\/2021\/07\/51297484572-3ca2d47e88-k.jpg 540w, https:\/\/blogdorogeriogomes.com.br\/noticias\/wp-content\/uploads\/2021\/07\/51297484572-3ca2d47e88-k-300x169.jpg 300w\" sizes=\"auto, (max-width: 540px) 100vw, 540px\" \/><\/figure>\n","protected":false},"excerpt":{"rendered":"<p>Com insatisfa\u00e7\u00f5es entre membros do Centr\u00e3o, o presidente Jair Bolsonaro cogita a possibilidade de entregar a Casa Civil para o senador&nbsp;Ciro Nogueira, presidente do Progressistas (PP). Ciro \u00e9 do Piau\u00ed e um dos defensores do Pal\u00e1cio de Planalto na CPI da Covid no Senado Federal. Hoje, a Casa Civil \u00e9 ocupada por Luiz Eduardo Ramos, general da reserva, que poderia ser deslocado para outra fun\u00e7\u00e3o no Governo Federal.&nbsp; A ida de Ciro Nogueira, um dos l\u00edderes do Centr\u00e3o, para&hellip;<\/p>\n","protected":false},"author":1,"featured_media":22072,"comment_status":"open","ping_status":"open","sticky":false,"template":"","format":"standard","meta":{"footnotes":""},"categories":[1],"tags":[],"class_list":["post-22071","post","type-post","status-publish","format-standard","has-post-thumbnail","hentry","category-noticias"],"_links":{"self":[{"href":"https:\/\/blogdorogeriogomes.com.br\/noticias\/wp-json\/wp\/v2\/posts\/22071","targetHints":{"allow":["GET"]}}],"collection":[{"href":"https:\/\/blogdorogeriogomes.com.br\/noticias\/wp-json\/wp\/v2\/posts"}],"about":[{"href":"https:\/\/blogdorogeriogomes.com.br\/noticias\/wp-json\/wp\/v2\/types\/post"}],"author":[{"embeddable":true,"href":"https:\/\/blogdorogeriogomes.com.br\/noticias\/wp-json\/wp\/v2\/users\/1"}],"replies":[{"embeddable":true,"href":"https:\/\/blogdorogeriogomes.com.br\/noticias\/wp-json\/wp\/v2\/comments?post=22071"}],"version-history":[{"count":2,"href":"https:\/\/blogdorogeriogomes.com.br\/noticias\/wp-json\/wp\/v2\/posts\/22071\/revisions"}],"predecessor-version":[{"id":22093,"href":"https:\/\/blogdorogeriogomes.com.br\/noticias\/wp-json\/wp\/v2\/posts\/22071\/revisions\/22093"}],"wp:featuredmedia":[{"embeddable":true,"href":"https:\/\/blogdorogeriogomes.com.br\/noticias\/wp-json\/wp\/v2\/media\/22072"}],"wp:attachment":[{"href":"https:\/\/blogdorogeriogomes.com.br\/noticias\/wp-json\/wp\/v2\/media?parent=22071"}],"wp:term":[{"taxonomy":"category","embeddable":true,"href":"https:\/\/blogdorogeriogomes.com.br\/noticias\/wp-json\/wp\/v2\/categories?post=22071"},{"taxonomy":"post_tag","embeddable":true,"href":"https:\/\/blogdorogeriogomes.com.br\/noticias\/wp-json\/wp\/v2\/tags?post=22071"}],"curies":[{"name":"wp","href":"https:\/\/api.w.org\/{rel}","templated":true}]}}