{"id":22074,"date":"2021-07-21T10:45:13","date_gmt":"2021-07-21T10:45:13","guid":{"rendered":"https:\/\/blogdorogeriogomes.com.br\/?p=22074"},"modified":"2021-07-22T12:22:26","modified_gmt":"2021-07-22T12:22:26","slug":"rede-privada-avalia-que-aulas-no-segundo-semestre-devem-seguir-no-sistema-hibrido","status":"publish","type":"post","link":"https:\/\/blogdorogeriogomes.com.br\/noticias\/2021\/07\/rede-privada-avalia-que-aulas-no-segundo-semestre-devem-seguir-no-sistema-hibrido\/","title":{"rendered":"Rede privada avalia que aulas no segundo semestre devem seguir no sistema h\u00edbrido"},"content":{"rendered":"\n<p>O ministro da Educa\u00e7\u00e3o, Milton Ribeiro, ocupou cadeia de R\u00e1dio e TV, nesta ter\u00e7a-feira, dia 20 de julho, para defender o retorno imediato das aulas presenciais em todo o Pa\u00eds, apesar de toda a comunidade escolar ainda n\u00e3o ter sido vacinada contra a Covid-19. Mas, no Cear\u00e1, a orienta\u00e7\u00e3o do Sindicato dos Estabelecimentos de Educa\u00e7\u00e3o e Ensino da Livre Iniciativa do estado do Cear\u00e1 (Sinepe-CE) \u00e9 a de que as aulas no segundo semestre devem continuar com o sistema h\u00edbrido, quando h\u00e1 uma divis\u00e3o de aulas remotas e presenciais. Esta ser\u00e1, segundo a entidade, a forma mais segura para evitar a contamina\u00e7\u00e3o com o coronav\u00edrus.<\/p>\n\n\n\n<p>A rede particular de ensino afirma que est\u00e1 na prepara\u00e7\u00e3o para o retorno dos estudantes em agosto seguindo as medidas do Governo do Cear\u00e1. <\/p>\n\n\n\n<p>As recomenda\u00e7\u00f5es sugerem obrigatoriedade do uso de m\u00e1scaras por colaboradores, professores, alunos, pais e visitantes; ficar em casa quando algum familiar apresentar qualquer sintoma de doen\u00e7a; higienizar frequentemente as m\u00e3os com \u00e1gua e sab\u00e3o ou \u00e1lcool em gel 70%; e a recomenda\u00e7\u00e3o \u00e0 fam\u00edlia que viajou para outros estados durante as f\u00e9rias realizar o teste de Covid-19 ou cumprir um per\u00edodo de quarentena volunt\u00e1ria.<\/p>\n\n\n\n<figure class=\"wp-block-image size-large\"><img loading=\"lazy\" decoding=\"async\" width=\"678\" height=\"452\" src=\"https:\/\/blogdorogeriogomes.com.br\/wp-content\/uploads\/2021\/07\/images-2021-07-21T073350.649.jpeg\" alt=\"\" class=\"wp-image-22075\" srcset=\"https:\/\/blogdorogeriogomes.com.br\/noticias\/wp-content\/uploads\/2021\/07\/images-2021-07-21T073350.649.jpeg 678w, https:\/\/blogdorogeriogomes.com.br\/noticias\/wp-content\/uploads\/2021\/07\/images-2021-07-21T073350.649-300x200.jpeg 300w\" sizes=\"auto, (max-width: 678px) 100vw, 678px\" \/><\/figure>\n","protected":false},"excerpt":{"rendered":"<p>O ministro da Educa\u00e7\u00e3o, Milton Ribeiro, ocupou cadeia de R\u00e1dio e TV, nesta ter\u00e7a-feira, dia 20 de julho, para defender o retorno imediato das aulas presenciais em todo o Pa\u00eds, apesar de toda a comunidade escolar ainda n\u00e3o ter sido vacinada contra a Covid-19. Mas, no Cear\u00e1, a orienta\u00e7\u00e3o do Sindicato dos Estabelecimentos de Educa\u00e7\u00e3o e Ensino da Livre Iniciativa do estado do Cear\u00e1 (Sinepe-CE) \u00e9 a de que as aulas no segundo semestre devem continuar com o sistema&hellip;<\/p>\n","protected":false},"author":1,"featured_media":22075,"comment_status":"open","ping_status":"open","sticky":false,"template":"","format":"standard","meta":{"footnotes":""},"categories":[1],"tags":[],"class_list":["post-22074","post","type-post","status-publish","format-standard","has-post-thumbnail","hentry","category-noticias"],"_links":{"self":[{"href":"https:\/\/blogdorogeriogomes.com.br\/noticias\/wp-json\/wp\/v2\/posts\/22074","targetHints":{"allow":["GET"]}}],"collection":[{"href":"https:\/\/blogdorogeriogomes.com.br\/noticias\/wp-json\/wp\/v2\/posts"}],"about":[{"href":"https:\/\/blogdorogeriogomes.com.br\/noticias\/wp-json\/wp\/v2\/types\/post"}],"author":[{"embeddable":true,"href":"https:\/\/blogdorogeriogomes.com.br\/noticias\/wp-json\/wp\/v2\/users\/1"}],"replies":[{"embeddable":true,"href":"https:\/\/blogdorogeriogomes.com.br\/noticias\/wp-json\/wp\/v2\/comments?post=22074"}],"version-history":[{"count":1,"href":"https:\/\/blogdorogeriogomes.com.br\/noticias\/wp-json\/wp\/v2\/posts\/22074\/revisions"}],"predecessor-version":[{"id":22076,"href":"https:\/\/blogdorogeriogomes.com.br\/noticias\/wp-json\/wp\/v2\/posts\/22074\/revisions\/22076"}],"wp:featuredmedia":[{"embeddable":true,"href":"https:\/\/blogdorogeriogomes.com.br\/noticias\/wp-json\/wp\/v2\/media\/22075"}],"wp:attachment":[{"href":"https:\/\/blogdorogeriogomes.com.br\/noticias\/wp-json\/wp\/v2\/media?parent=22074"}],"wp:term":[{"taxonomy":"category","embeddable":true,"href":"https:\/\/blogdorogeriogomes.com.br\/noticias\/wp-json\/wp\/v2\/categories?post=22074"},{"taxonomy":"post_tag","embeddable":true,"href":"https:\/\/blogdorogeriogomes.com.br\/noticias\/wp-json\/wp\/v2\/tags?post=22074"}],"curies":[{"name":"wp","href":"https:\/\/api.w.org\/{rel}","templated":true}]}}