{"id":22077,"date":"2021-07-21T15:36:33","date_gmt":"2021-07-21T15:36:33","guid":{"rendered":"https:\/\/blogdorogeriogomes.com.br\/?p=22077"},"modified":"2021-07-22T12:22:19","modified_gmt":"2021-07-22T12:22:19","slug":"grandes-debates-de-julho-na-al-sera-sobre-cultura-de-paz-mediacao-conciliacao-e-cidadania","status":"publish","type":"post","link":"https:\/\/blogdorogeriogomes.com.br\/noticias\/2021\/07\/grandes-debates-de-julho-na-al-sera-sobre-cultura-de-paz-mediacao-conciliacao-e-cidadania\/","title":{"rendered":"\u201cGrandes Debates\u201d de julho na AL ser\u00e1 sobre cultura de paz: media\u00e7\u00e3o, concilia\u00e7\u00e3o e cidadania"},"content":{"rendered":"\n<p>A data 22 de julho marca o dia da Paz e da Concilia\u00e7\u00e3o no Cear\u00e1, conforme a Lei 16.596, de 5 de julho de 2018, de autoria do deputado Manoel Raimundo de Santana Neto. A data objetiva estimular ambientes mais pac\u00edficos e seguros de conviv\u00eancias harmoniosas, por meio das pr\u00e1ticas restaurativas e de media\u00e7\u00e3o de conflitos, contribuindo para a pacifica\u00e7\u00e3o social. Com o tema \u201cCultura de paz: media\u00e7\u00e3o, concilia\u00e7\u00e3o e cidadania\u201d, o assunto ser\u00e1 abordado na pr\u00f3xima edi\u00e7\u00e3o do projeto \u201cGrandes Debates \u2013 Parlamento Protagonista\u201d deste m\u00eas, em 22 de julho, a partir das 21 horas, com a participa\u00e7\u00e3o da Gestora da Coordenadoria de Justi\u00e7a Restaurativa e Media\u00e7\u00e3o da Vice governadoria do Cear\u00e1, Cristiane Holanda; da deputada estadual, Augusta Brito; do Juiz de Direito do Tribunal de Justi\u00e7a da Bahia, Sami Storch e do Promotor de Justi\u00e7a, Elkio Uehara.<\/p>\n\n\n\n<p>O encontro acontecer\u00e1 de forma virtual, com media\u00e7\u00e3o do jornalista Ruy Lima, utilizando-se da plataforma Zoom, e ser\u00e1 transmitido pela TV e R\u00e1dio FM Assembleia, al\u00e9m das m\u00eddias sociais digitais do legislativo estadual. O projeto, que teve in\u00edcio em mar\u00e7o deste ano, tem dura\u00e7\u00e3o prevista superior a um ano e dever\u00e1 se estender at\u00e9 maio de 2022, sob a coordena\u00e7\u00e3o do Conselho de Altos Estudos e Assuntos Estrat\u00e9gicos. A iniciativa leva, todo m\u00eas, \u00e0 sociedade novos temas, para serem discutidos com pessoas atuantes nas \u00e1reas envolvidas, diversificando e aprofundando o debate. Ao jogar luz sobre temas que incidem no desenvolvimento social, econ\u00f4mico e pol\u00edtico, o parlamento cearense oferece a oportunidade de a sociedade acompanhar a apresenta\u00e7\u00e3o de diferentes vis\u00f5es sobre quest\u00f5es atuais que afligem a humanidade.<\/p>\n\n\n\n<p>O objetivo de todas as pr\u00e1ticas restaurativas \u00e9 a satisfa\u00e7\u00e3o de todos os envolvidos. Busca-se responsabilizar ativamente todos os que contribu\u00edram para a ocorr\u00eancia do evento danoso, alcan\u00e7ar um equil\u00edbrio de poder entre v\u00edtima e ofensor, revertendo o desvalor que o crime provoca. Al\u00e9m disso, a proposta \u00e9 empoderar a comunidade, com destaque para a necessidade de repara\u00e7\u00e3o do dano e da recomposi\u00e7\u00e3o das rela\u00e7\u00f5es sociais rompidas pelo conflito e suas implica\u00e7\u00f5es para o futuro, como a n\u00e3o reincid\u00eancia. A Pol\u00edtica P\u00fablica Nacional de Justi\u00e7a Restaurativa no \u00e2mbito do Poder Judici\u00e1rio est\u00e1 delineada na Resolu\u00e7\u00e3o n\u00ba 225\/2016 do Conselho Nacional de Justi\u00e7a (CNJ) e tem por objetivo a consolida\u00e7\u00e3o da identidade e da qualidade da Justi\u00e7a Restaurativa definidas na normativa, a fim de que n\u00e3o seja desvirtuada ou banalizada.<\/p>\n\n\n\n<p>Al\u00e9m do \u201cGrandes Debates\u201d, a Assembleia Legislativa realiza, no per\u00edodo de 19 a 22 de julho, uma s\u00e9rie de atividades para celebrar a Semana da Cultura de Paz, em alus\u00e3o ao Dia da Paz e da Concilia\u00e7\u00e3o no Cear\u00e1. A celebra\u00e7\u00e3o marca tamb\u00e9m a inaugura\u00e7\u00e3o dos N\u00facleos de Media\u00e7\u00e3o e Gest\u00e3o de Conflitos e do N\u00facleo Sist\u00eamico Restaurativo da Casa, coordenados pela primeira-dama do legislativo estadual, Cristiane Leit\u00e3o, que ocorrer\u00e1 na quarta-feira, 21. A inaugura\u00e7\u00e3o dos n\u00facleos ser\u00e1 \u00e0s 10h e contar\u00e1 com a presen\u00e7a da coordenadora dos n\u00facleos, Cristiane Leit\u00e3o; do presidente da Assembleia Legislativa, deputado Evandro Leit\u00e3o (PDT), e da vice-governadora do Cear\u00e1, Izolda Cela, que falar\u00e3o sobre a responsabilidade coletiva do poder p\u00fablico e da sociedade na promo\u00e7\u00e3o da cultura de paz.<\/p>\n\n\n\n<figure class=\"wp-block-image size-large\"><img loading=\"lazy\" decoding=\"async\" width=\"698\" height=\"439\" src=\"https:\/\/blogdorogeriogomes.com.br\/wp-content\/uploads\/2021\/07\/images-2021-07-21T123532.650.jpeg\" alt=\"\" class=\"wp-image-22078\" srcset=\"https:\/\/blogdorogeriogomes.com.br\/noticias\/wp-content\/uploads\/2021\/07\/images-2021-07-21T123532.650.jpeg 698w, https:\/\/blogdorogeriogomes.com.br\/noticias\/wp-content\/uploads\/2021\/07\/images-2021-07-21T123532.650-300x189.jpeg 300w, https:\/\/blogdorogeriogomes.com.br\/noticias\/wp-content\/uploads\/2021\/07\/images-2021-07-21T123532.650-320x202.jpeg 320w\" sizes=\"auto, (max-width: 698px) 100vw, 698px\" \/><\/figure>\n","protected":false},"excerpt":{"rendered":"<p>A data 22 de julho marca o dia da Paz e da Concilia\u00e7\u00e3o no Cear\u00e1, conforme a Lei 16.596, de 5 de julho de 2018, de autoria do deputado Manoel Raimundo de Santana Neto. A data objetiva estimular ambientes mais pac\u00edficos e seguros de conviv\u00eancias harmoniosas, por meio das pr\u00e1ticas restaurativas e de media\u00e7\u00e3o de conflitos, contribuindo para a pacifica\u00e7\u00e3o social. Com o tema \u201cCultura de paz: media\u00e7\u00e3o, concilia\u00e7\u00e3o e cidadania\u201d, o assunto ser\u00e1 abordado na pr\u00f3xima edi\u00e7\u00e3o do&hellip;<\/p>\n","protected":false},"author":1,"featured_media":22078,"comment_status":"open","ping_status":"open","sticky":false,"template":"","format":"standard","meta":{"footnotes":""},"categories":[1],"tags":[],"class_list":["post-22077","post","type-post","status-publish","format-standard","has-post-thumbnail","hentry","category-noticias"],"_links":{"self":[{"href":"https:\/\/blogdorogeriogomes.com.br\/noticias\/wp-json\/wp\/v2\/posts\/22077","targetHints":{"allow":["GET"]}}],"collection":[{"href":"https:\/\/blogdorogeriogomes.com.br\/noticias\/wp-json\/wp\/v2\/posts"}],"about":[{"href":"https:\/\/blogdorogeriogomes.com.br\/noticias\/wp-json\/wp\/v2\/types\/post"}],"author":[{"embeddable":true,"href":"https:\/\/blogdorogeriogomes.com.br\/noticias\/wp-json\/wp\/v2\/users\/1"}],"replies":[{"embeddable":true,"href":"https:\/\/blogdorogeriogomes.com.br\/noticias\/wp-json\/wp\/v2\/comments?post=22077"}],"version-history":[{"count":1,"href":"https:\/\/blogdorogeriogomes.com.br\/noticias\/wp-json\/wp\/v2\/posts\/22077\/revisions"}],"predecessor-version":[{"id":22079,"href":"https:\/\/blogdorogeriogomes.com.br\/noticias\/wp-json\/wp\/v2\/posts\/22077\/revisions\/22079"}],"wp:featuredmedia":[{"embeddable":true,"href":"https:\/\/blogdorogeriogomes.com.br\/noticias\/wp-json\/wp\/v2\/media\/22078"}],"wp:attachment":[{"href":"https:\/\/blogdorogeriogomes.com.br\/noticias\/wp-json\/wp\/v2\/media?parent=22077"}],"wp:term":[{"taxonomy":"category","embeddable":true,"href":"https:\/\/blogdorogeriogomes.com.br\/noticias\/wp-json\/wp\/v2\/categories?post=22077"},{"taxonomy":"post_tag","embeddable":true,"href":"https:\/\/blogdorogeriogomes.com.br\/noticias\/wp-json\/wp\/v2\/tags?post=22077"}],"curies":[{"name":"wp","href":"https:\/\/api.w.org\/{rel}","templated":true}]}}