{"id":22083,"date":"2021-07-21T21:08:11","date_gmt":"2021-07-21T21:08:11","guid":{"rendered":"https:\/\/blogdorogeriogomes.com.br\/?p=22083"},"modified":"2021-07-22T12:21:49","modified_gmt":"2021-07-22T12:21:49","slug":"bolsonaro-fara-reforma-ministerial-com-retorno-do-ministerio-do-trabalho-troca-na-casa-civil-e-mudancas-na-economia","status":"publish","type":"post","link":"https:\/\/blogdorogeriogomes.com.br\/noticias\/2021\/07\/bolsonaro-fara-reforma-ministerial-com-retorno-do-ministerio-do-trabalho-troca-na-casa-civil-e-mudancas-na-economia\/","title":{"rendered":"Bolsonaro far\u00e1 reforma ministerial com retorno do Minist\u00e9rio do Trabalho, troca na Casa Civil e mudan\u00e7as na Economia"},"content":{"rendered":"\n<p>O presidente Jair Bolsonaro (sem partido) anunciou nesta quarta-feira, dia 21 de julho, que far\u00e1 uma &#8220;pequena&#8221; reforma ministerial a partir da pr\u00f3xima segunda-feira, dia 26. Toda a &#8220;costura pol\u00edtica&#8221; vai garantir mais poder ao Centr\u00e3o e tenta fazer frente \u00e0 impopularidade de Bolsonaro registrada nas pesquisas de opini\u00e3o. O presidente da Rep\u00fablica, a cada mudan\u00e7a ministerial, fica mais ref\u00e9m dos partidos da base aliada, principalmente, o Progressistas (PP).<\/p>\n\n\n\n<p>Bolsonaro est\u00e1 enfrentando o momento mais delicado de sua gest\u00e3o \u00e0 frente do Pa\u00eds at\u00e9 aqui, com alta rejei\u00e7\u00e3o popular e press\u00e3o no Congresso Nacional por seu impeachment.<\/p>\n\n\n\n<p>Dentre as mudan\u00e7as a serem anunciadas pelo presidente da Rep\u00fablica est\u00e3o a recria\u00e7\u00e3o do Minist\u00e9rio do Trabalho, que seria assumido pelo atual secret\u00e1rio-geral da Presid\u00eancia, Onyx Lorenzoni, e a mudan\u00e7a da titularidade da Casa Civil para o senador Ciro Nogueira (PP), que resultariam na ida do atual ministro Luiz Eduardo Ramos para a Secretaria-Geral.<\/p>\n\n\n\n<p>Diante do an\u00fancio de Bolsonaro, o ministro da Economia, Paulo Guedes, afirmou que a pasta vai passar por uma &#8220;reorganiza\u00e7\u00e3o interna&#8221; dentro da \u00e1rea de &#8220;emprego e renda&#8221;, sem confirmar o desmembramento da Economia com o retorno do Minist\u00e9rio do Trabalho. No in\u00edcio da atual gest\u00e3o federal, Guedes criou o &#8220;superminist\u00e9rio&#8221; da Economia para centralizar todas as decis\u00f5es da pol\u00edtica econ\u00f4mica. Em meio \u00e0 crise e fortes press\u00f5es, o prest\u00edgio do ministro foi reduzido e ele vai ficando com pouca voz nas decis\u00f5es da sua pasta.<\/p>\n\n\n\n<figure class=\"wp-block-image size-large\"><img loading=\"lazy\" decoding=\"async\" width=\"671\" height=\"457\" src=\"https:\/\/blogdorogeriogomes.com.br\/wp-content\/uploads\/2021\/07\/images-2021-07-21T180152.367.jpeg\" alt=\"\" class=\"wp-image-22084\" srcset=\"https:\/\/blogdorogeriogomes.com.br\/noticias\/wp-content\/uploads\/2021\/07\/images-2021-07-21T180152.367.jpeg 671w, https:\/\/blogdorogeriogomes.com.br\/noticias\/wp-content\/uploads\/2021\/07\/images-2021-07-21T180152.367-300x204.jpeg 300w\" sizes=\"auto, (max-width: 671px) 100vw, 671px\" \/><\/figure>\n","protected":false},"excerpt":{"rendered":"<p>O presidente Jair Bolsonaro (sem partido) anunciou nesta quarta-feira, dia 21 de julho, que far\u00e1 uma &#8220;pequena&#8221; reforma ministerial a partir da pr\u00f3xima segunda-feira, dia 26. Toda a &#8220;costura pol\u00edtica&#8221; vai garantir mais poder ao Centr\u00e3o e tenta fazer frente \u00e0 impopularidade de Bolsonaro registrada nas pesquisas de opini\u00e3o. O presidente da Rep\u00fablica, a cada mudan\u00e7a ministerial, fica mais ref\u00e9m dos partidos da base aliada, principalmente, o Progressistas (PP). Bolsonaro est\u00e1 enfrentando o momento mais delicado de sua gest\u00e3o&hellip;<\/p>\n","protected":false},"author":1,"featured_media":22084,"comment_status":"open","ping_status":"open","sticky":false,"template":"","format":"standard","meta":{"footnotes":""},"categories":[1],"tags":[],"class_list":["post-22083","post","type-post","status-publish","format-standard","has-post-thumbnail","hentry","category-noticias"],"_links":{"self":[{"href":"https:\/\/blogdorogeriogomes.com.br\/noticias\/wp-json\/wp\/v2\/posts\/22083","targetHints":{"allow":["GET"]}}],"collection":[{"href":"https:\/\/blogdorogeriogomes.com.br\/noticias\/wp-json\/wp\/v2\/posts"}],"about":[{"href":"https:\/\/blogdorogeriogomes.com.br\/noticias\/wp-json\/wp\/v2\/types\/post"}],"author":[{"embeddable":true,"href":"https:\/\/blogdorogeriogomes.com.br\/noticias\/wp-json\/wp\/v2\/users\/1"}],"replies":[{"embeddable":true,"href":"https:\/\/blogdorogeriogomes.com.br\/noticias\/wp-json\/wp\/v2\/comments?post=22083"}],"version-history":[{"count":1,"href":"https:\/\/blogdorogeriogomes.com.br\/noticias\/wp-json\/wp\/v2\/posts\/22083\/revisions"}],"predecessor-version":[{"id":22085,"href":"https:\/\/blogdorogeriogomes.com.br\/noticias\/wp-json\/wp\/v2\/posts\/22083\/revisions\/22085"}],"wp:featuredmedia":[{"embeddable":true,"href":"https:\/\/blogdorogeriogomes.com.br\/noticias\/wp-json\/wp\/v2\/media\/22084"}],"wp:attachment":[{"href":"https:\/\/blogdorogeriogomes.com.br\/noticias\/wp-json\/wp\/v2\/media?parent=22083"}],"wp:term":[{"taxonomy":"category","embeddable":true,"href":"https:\/\/blogdorogeriogomes.com.br\/noticias\/wp-json\/wp\/v2\/categories?post=22083"},{"taxonomy":"post_tag","embeddable":true,"href":"https:\/\/blogdorogeriogomes.com.br\/noticias\/wp-json\/wp\/v2\/tags?post=22083"}],"curies":[{"name":"wp","href":"https:\/\/api.w.org\/{rel}","templated":true}]}}