{"id":22089,"date":"2021-07-22T09:51:40","date_gmt":"2021-07-22T09:51:40","guid":{"rendered":"https:\/\/blogdorogeriogomes.com.br\/?p=22089"},"modified":"2021-07-22T12:21:07","modified_gmt":"2021-07-22T12:21:07","slug":"prefeitura-de-fortaleza-estima-retorno-das-aulas-presenciais-nas-escolas-municipais-para-setembro","status":"publish","type":"post","link":"https:\/\/blogdorogeriogomes.com.br\/noticias\/2021\/07\/prefeitura-de-fortaleza-estima-retorno-das-aulas-presenciais-nas-escolas-municipais-para-setembro\/","title":{"rendered":"Prefeitura de Fortaleza estima retorno das aulas presenciais nas escolas municipais para setembro"},"content":{"rendered":"\n<p>A Prefeitura de Fortaleza estuda o retorno das aulas presenciais na rede municipal para setembro. Os alunos das escolas p\u00fablicas t\u00eam tido aula desde o in\u00edcio da pandemia de forma remota, o que ainda deve ser mantido no m\u00eas de agosto. As atividades presenciais devem contemplar, num primeiro momento, estudantes do Ensino Fundamental (1\u00ba ao 9\u00ba ano), n\u00e3o incluindo os alunos da Educa\u00e7\u00e3o Infantil.&nbsp;<\/p>\n\n\n\n<p>Cerca de 120 mil estudantes da rede p\u00fablica de Fortaleza devem voltar \u00e0 sala de aula em setembro. Isso corresponde a 50% do total. Vale ressaltar que o ensino remoto dever\u00e1 ser mantido para o restante dos alunos. O retorno presencial para todos ser\u00e1 feito de forma gradual, segundo garante o prefeito Jos\u00e9 Sarto.<\/p>\n\n\n\n<p>A retomada das atividades presenciais, em setembro, deve coincidir com a conclus\u00e3o da vacina\u00e7\u00e3o dos professores e funcion\u00e1rios das escolas municipais da Capital. As unidades v\u00e3o receber todos os protocolos de seguran\u00e7a para alunos e servidores.<\/p>\n\n\n\n<figure class=\"wp-block-image size-large\"><img loading=\"lazy\" decoding=\"async\" width=\"715\" height=\"429\" src=\"https:\/\/blogdorogeriogomes.com.br\/wp-content\/uploads\/2021\/07\/images-2021-07-22T064027.128.jpeg\" alt=\"\" class=\"wp-image-22090\" srcset=\"https:\/\/blogdorogeriogomes.com.br\/noticias\/wp-content\/uploads\/2021\/07\/images-2021-07-22T064027.128.jpeg 715w, https:\/\/blogdorogeriogomes.com.br\/noticias\/wp-content\/uploads\/2021\/07\/images-2021-07-22T064027.128-300x180.jpeg 300w\" sizes=\"auto, (max-width: 715px) 100vw, 715px\" \/><\/figure>\n\n\n\n<p><\/p>\n","protected":false},"excerpt":{"rendered":"<p>A Prefeitura de Fortaleza estuda o retorno das aulas presenciais na rede municipal para setembro. Os alunos das escolas p\u00fablicas t\u00eam tido aula desde o in\u00edcio da pandemia de forma remota, o que ainda deve ser mantido no m\u00eas de agosto. As atividades presenciais devem contemplar, num primeiro momento, estudantes do Ensino Fundamental (1\u00ba ao 9\u00ba ano), n\u00e3o incluindo os alunos da Educa\u00e7\u00e3o Infantil.&nbsp; Cerca de 120 mil estudantes da rede p\u00fablica de Fortaleza devem voltar \u00e0 sala de&hellip;<\/p>\n","protected":false},"author":1,"featured_media":22090,"comment_status":"open","ping_status":"open","sticky":false,"template":"","format":"standard","meta":{"footnotes":""},"categories":[1],"tags":[],"class_list":["post-22089","post","type-post","status-publish","format-standard","has-post-thumbnail","hentry","category-noticias"],"_links":{"self":[{"href":"https:\/\/blogdorogeriogomes.com.br\/noticias\/wp-json\/wp\/v2\/posts\/22089","targetHints":{"allow":["GET"]}}],"collection":[{"href":"https:\/\/blogdorogeriogomes.com.br\/noticias\/wp-json\/wp\/v2\/posts"}],"about":[{"href":"https:\/\/blogdorogeriogomes.com.br\/noticias\/wp-json\/wp\/v2\/types\/post"}],"author":[{"embeddable":true,"href":"https:\/\/blogdorogeriogomes.com.br\/noticias\/wp-json\/wp\/v2\/users\/1"}],"replies":[{"embeddable":true,"href":"https:\/\/blogdorogeriogomes.com.br\/noticias\/wp-json\/wp\/v2\/comments?post=22089"}],"version-history":[{"count":2,"href":"https:\/\/blogdorogeriogomes.com.br\/noticias\/wp-json\/wp\/v2\/posts\/22089\/revisions"}],"predecessor-version":[{"id":22092,"href":"https:\/\/blogdorogeriogomes.com.br\/noticias\/wp-json\/wp\/v2\/posts\/22089\/revisions\/22092"}],"wp:featuredmedia":[{"embeddable":true,"href":"https:\/\/blogdorogeriogomes.com.br\/noticias\/wp-json\/wp\/v2\/media\/22090"}],"wp:attachment":[{"href":"https:\/\/blogdorogeriogomes.com.br\/noticias\/wp-json\/wp\/v2\/media?parent=22089"}],"wp:term":[{"taxonomy":"category","embeddable":true,"href":"https:\/\/blogdorogeriogomes.com.br\/noticias\/wp-json\/wp\/v2\/categories?post=22089"},{"taxonomy":"post_tag","embeddable":true,"href":"https:\/\/blogdorogeriogomes.com.br\/noticias\/wp-json\/wp\/v2\/tags?post=22089"}],"curies":[{"name":"wp","href":"https:\/\/api.w.org\/{rel}","templated":true}]}}