{"id":22096,"date":"2021-07-22T19:20:57","date_gmt":"2021-07-22T19:20:57","guid":{"rendered":"https:\/\/blogdorogeriogomes.com.br\/?p=22096"},"modified":"2021-07-22T22:32:04","modified_gmt":"2021-07-22T22:32:04","slug":"prefeitura-de-fortaleza-inicia-reforma-do-gramado-do-pv-retorno-dos-jogos-e-previsto-apenas-em-2022","status":"publish","type":"post","link":"https:\/\/blogdorogeriogomes.com.br\/noticias\/2021\/07\/prefeitura-de-fortaleza-inicia-reforma-do-gramado-do-pv-retorno-dos-jogos-e-previsto-apenas-em-2022\/","title":{"rendered":"Prefeitura de Fortaleza inicia reforma do gramado do PV. Retorno dos jogos \u00e9 previsto apenas em 2022"},"content":{"rendered":"\n<p>Ap\u00f3s ser utilizado como hospital de campanha durante o primeiro ano de pandemia da Covid-19, o gramado do Est\u00e1dio Presidente Vargas ser\u00e1 reformado. A obra foi anunciada pelo prefeito de Fortaleza, Jos\u00e9 Sarto (PDT), nesta quinta-feira, dia 22 de julho.<\/p>\n\n\n\n<p>Em cerim\u00f4nia transmitida pelas redes sociais, o chefe do Executivo Municipal assinou a ordem de servi\u00e7o com investimento de R$ 2 milh\u00f5es para realizar terraplanagem, drenagem, instala\u00e7\u00e3o de sistema de irriga\u00e7\u00e3o automatizado e grama com qualidade superior \u00e0 anteriormente utilizada.<\/p>\n\n\n\n<p>A conclus\u00e3o das obras est\u00e1 prevista para o primeiro semestre de 2022. &#8220;O nosso PV voltar\u00e1 a receber treinos e competi\u00e7\u00f5es oficiais do futebol&#8221;, disse o prefeito. O est\u00e1dio municipal tem feito falta para Cear\u00e1, Fortaleza e Ferrovi\u00e1rio em disputas nacionais.<\/p>\n\n\n\n<p>Tradicional pra\u00e7a esportiva da Capital, o PV foi inaugurado em 1941 e passou por grande reforma entre os anos de 2008 e 2011. Completamente remodelado, chegou a receber treinos de sele\u00e7\u00f5es na Copa das Confedera\u00e7\u00f5es de 2013 e Copa do Mundo de 2014. Em 2020, deu lugar \u00e0s instala\u00e7\u00f5es de leitos para combater a pandemia.<\/p>\n\n\n\n<figure class=\"wp-block-image size-large\"><img loading=\"lazy\" decoding=\"async\" width=\"1024\" height=\"602\" src=\"https:\/\/blogdorogeriogomes.com.br\/wp-content\/uploads\/2021\/07\/22-07-2021-Obra-PV-IMG_0076-1-1024x602.jpg\" alt=\"\" class=\"wp-image-22097\" srcset=\"https:\/\/blogdorogeriogomes.com.br\/noticias\/wp-content\/uploads\/2021\/07\/22-07-2021-Obra-PV-IMG_0076-1-1024x602.jpg 1024w, https:\/\/blogdorogeriogomes.com.br\/noticias\/wp-content\/uploads\/2021\/07\/22-07-2021-Obra-PV-IMG_0076-1-300x176.jpg 300w, https:\/\/blogdorogeriogomes.com.br\/noticias\/wp-content\/uploads\/2021\/07\/22-07-2021-Obra-PV-IMG_0076-1-768x451.jpg 768w, https:\/\/blogdorogeriogomes.com.br\/noticias\/wp-content\/uploads\/2021\/07\/22-07-2021-Obra-PV-IMG_0076-1-800x470.jpg 800w, https:\/\/blogdorogeriogomes.com.br\/noticias\/wp-content\/uploads\/2021\/07\/22-07-2021-Obra-PV-IMG_0076-1.jpg 1246w\" sizes=\"auto, (max-width: 1024px) 100vw, 1024px\" \/><\/figure>\n","protected":false},"excerpt":{"rendered":"<p>Ap\u00f3s ser utilizado como hospital de campanha durante o primeiro ano de pandemia da Covid-19, o gramado do Est\u00e1dio Presidente Vargas ser\u00e1 reformado. A obra foi anunciada pelo prefeito de Fortaleza, Jos\u00e9 Sarto (PDT), nesta quinta-feira, dia 22 de julho. Em cerim\u00f4nia transmitida pelas redes sociais, o chefe do Executivo Municipal assinou a ordem de servi\u00e7o com investimento de R$ 2 milh\u00f5es para realizar terraplanagem, drenagem, instala\u00e7\u00e3o de sistema de irriga\u00e7\u00e3o automatizado e grama com qualidade superior \u00e0 anteriormente&hellip;<\/p>\n","protected":false},"author":1,"featured_media":22097,"comment_status":"open","ping_status":"open","sticky":false,"template":"","format":"standard","meta":{"footnotes":""},"categories":[1],"tags":[],"class_list":["post-22096","post","type-post","status-publish","format-standard","has-post-thumbnail","hentry","category-noticias"],"_links":{"self":[{"href":"https:\/\/blogdorogeriogomes.com.br\/noticias\/wp-json\/wp\/v2\/posts\/22096","targetHints":{"allow":["GET"]}}],"collection":[{"href":"https:\/\/blogdorogeriogomes.com.br\/noticias\/wp-json\/wp\/v2\/posts"}],"about":[{"href":"https:\/\/blogdorogeriogomes.com.br\/noticias\/wp-json\/wp\/v2\/types\/post"}],"author":[{"embeddable":true,"href":"https:\/\/blogdorogeriogomes.com.br\/noticias\/wp-json\/wp\/v2\/users\/1"}],"replies":[{"embeddable":true,"href":"https:\/\/blogdorogeriogomes.com.br\/noticias\/wp-json\/wp\/v2\/comments?post=22096"}],"version-history":[{"count":1,"href":"https:\/\/blogdorogeriogomes.com.br\/noticias\/wp-json\/wp\/v2\/posts\/22096\/revisions"}],"predecessor-version":[{"id":22098,"href":"https:\/\/blogdorogeriogomes.com.br\/noticias\/wp-json\/wp\/v2\/posts\/22096\/revisions\/22098"}],"wp:featuredmedia":[{"embeddable":true,"href":"https:\/\/blogdorogeriogomes.com.br\/noticias\/wp-json\/wp\/v2\/media\/22097"}],"wp:attachment":[{"href":"https:\/\/blogdorogeriogomes.com.br\/noticias\/wp-json\/wp\/v2\/media?parent=22096"}],"wp:term":[{"taxonomy":"category","embeddable":true,"href":"https:\/\/blogdorogeriogomes.com.br\/noticias\/wp-json\/wp\/v2\/categories?post=22096"},{"taxonomy":"post_tag","embeddable":true,"href":"https:\/\/blogdorogeriogomes.com.br\/noticias\/wp-json\/wp\/v2\/tags?post=22096"}],"curies":[{"name":"wp","href":"https:\/\/api.w.org\/{rel}","templated":true}]}}