{"id":22099,"date":"2021-07-22T23:29:23","date_gmt":"2021-07-22T23:29:23","guid":{"rendered":"https:\/\/blogdorogeriogomes.com.br\/?p=22099"},"modified":"2021-07-23T09:42:35","modified_gmt":"2021-07-23T09:42:35","slug":"bolsonaro-afirma-que-e-do-centrao-e-assume-que-vai-negociar-por-sua-governabilidade","status":"publish","type":"post","link":"https:\/\/blogdorogeriogomes.com.br\/noticias\/2021\/07\/bolsonaro-afirma-que-e-do-centrao-e-assume-que-vai-negociar-por-sua-governabilidade\/","title":{"rendered":"Bolsonaro afirma que \u00e9 do Centr\u00e3o e assume que vai negociar por sua governabilidade"},"content":{"rendered":"\n<p>Sem partido desde que deixou o PSL em novembro de 2019, o presidente Jair Bolsonaro demonstra preocupa\u00e7\u00e3o com a falta de articula\u00e7\u00e3o para fortalecimento de sua base governista no Congresso Nacional. Nesta quinta-feira, dia 22 de julho, o chefe do Executivo sinalizou que se identifica como integrante do Centr\u00e3o e admitiu que correr\u00e1 atr\u00e1s de lideran\u00e7as centristas para garantir a governabilidade.<\/p>\n\n\n\n<p>&#8220;Centr\u00e3o \u00e9 um nome pejorativo. Eu sou do Centr\u00e3o, eu fui do PP metade do meu tempo, fui do PTB, fui do ent\u00e3o PFL (hoje DEM). No passado, integrei siglas que foram extintas, como PRB, PPB. O PP, l\u00e1 atr\u00e1s, foi extinto. Eu nasci de l\u00e1&#8221;, disse em entrevista \u00e0 R\u00e1dio Banda B, de Curitiba.<\/p>\n\n\n\n<p>Bolsonaro defendeu que precisa buscar o apoio dos partidos de centro para se manter no cargo e tamb\u00e9m visando as elei\u00e7\u00f5es. &#8220;N\u00f3s temos 513 parlamentares. O tal Centr\u00e3o, que o chamam pejorativamente disso, s\u00e3o alguns partidos que l\u00e1 atr\u00e1s se uniram na campanha do Alckmin e ficou, ent\u00e3o, rotulado&#8221;, tentou justificar.<\/p>\n\n\n\n<p>Na sua campanha em 2018, o presidente participou de encontro do PSL no qual o atual ministro do Gabinete de Seguran\u00e7a Institucional (GSI), general Augusto Heleno, cantou &#8220;se gritar pega Centr\u00e3o, n\u00e3o fica um, meu irm\u00e3o&#8221; (alus\u00e3o ao samba de Bezerra da Silva &#8220;Se gritar pega ladr\u00e3o&#8221;). Bolsonaro tamb\u00e9m afirmava, quando ainda era presidenci\u00e1vel, que n\u00e3o iria negociar cargos em sua gest\u00e3o.<\/p>\n\n\n\n<p>Contudo, na pr\u00f3xima segunda-feira, dia 26, o mandat\u00e1rio conceder\u00e1 o cargo de ministro da Casa Civil ao senador Ciro Nogueira (PP), como forma de dar mais poder ao centro dentro do governo federal. Em paralelo \u00e0s movimenta\u00e7\u00f5es do Planalto, os partidos PSL, DEM e PP se organizam para uma fus\u00e3o das tr\u00eas siglas. O partido, se for de fato criado, ter\u00e1 121 deputados e 15 senadores. Nesta fatia \u00e9 que Bolsonaro est\u00e1 de olho pela sustentabilidade de sua vida pol\u00edtica.<\/p>\n\n\n\n<figure class=\"wp-block-image size-large\"><img loading=\"lazy\" decoding=\"async\" width=\"1024\" height=\"576\" src=\"https:\/\/blogdorogeriogomes.com.br\/wp-content\/uploads\/2021\/07\/47483377612-c8e0233686-k-1024x576.jpg\" alt=\"\" class=\"wp-image-22100\" srcset=\"https:\/\/blogdorogeriogomes.com.br\/noticias\/wp-content\/uploads\/2021\/07\/47483377612-c8e0233686-k-1024x576.jpg 1024w, https:\/\/blogdorogeriogomes.com.br\/noticias\/wp-content\/uploads\/2021\/07\/47483377612-c8e0233686-k-300x169.jpg 300w, https:\/\/blogdorogeriogomes.com.br\/noticias\/wp-content\/uploads\/2021\/07\/47483377612-c8e0233686-k-768x432.jpg 768w, https:\/\/blogdorogeriogomes.com.br\/noticias\/wp-content\/uploads\/2021\/07\/47483377612-c8e0233686-k-800x450.jpg 800w, https:\/\/blogdorogeriogomes.com.br\/noticias\/wp-content\/uploads\/2021\/07\/47483377612-c8e0233686-k.jpg 1080w\" sizes=\"auto, (max-width: 1024px) 100vw, 1024px\" \/><\/figure>\n","protected":false},"excerpt":{"rendered":"<p>Sem partido desde que deixou o PSL em novembro de 2019, o presidente Jair Bolsonaro demonstra preocupa\u00e7\u00e3o com a falta de articula\u00e7\u00e3o para fortalecimento de sua base governista no Congresso Nacional. Nesta quinta-feira, dia 22 de julho, o chefe do Executivo sinalizou que se identifica como integrante do Centr\u00e3o e admitiu que correr\u00e1 atr\u00e1s de lideran\u00e7as centristas para garantir a governabilidade. &#8220;Centr\u00e3o \u00e9 um nome pejorativo. Eu sou do Centr\u00e3o, eu fui do PP metade do meu tempo, fui&hellip;<\/p>\n","protected":false},"author":1,"featured_media":22100,"comment_status":"open","ping_status":"open","sticky":false,"template":"","format":"standard","meta":{"footnotes":""},"categories":[1],"tags":[],"class_list":["post-22099","post","type-post","status-publish","format-standard","has-post-thumbnail","hentry","category-noticias"],"_links":{"self":[{"href":"https:\/\/blogdorogeriogomes.com.br\/noticias\/wp-json\/wp\/v2\/posts\/22099","targetHints":{"allow":["GET"]}}],"collection":[{"href":"https:\/\/blogdorogeriogomes.com.br\/noticias\/wp-json\/wp\/v2\/posts"}],"about":[{"href":"https:\/\/blogdorogeriogomes.com.br\/noticias\/wp-json\/wp\/v2\/types\/post"}],"author":[{"embeddable":true,"href":"https:\/\/blogdorogeriogomes.com.br\/noticias\/wp-json\/wp\/v2\/users\/1"}],"replies":[{"embeddable":true,"href":"https:\/\/blogdorogeriogomes.com.br\/noticias\/wp-json\/wp\/v2\/comments?post=22099"}],"version-history":[{"count":1,"href":"https:\/\/blogdorogeriogomes.com.br\/noticias\/wp-json\/wp\/v2\/posts\/22099\/revisions"}],"predecessor-version":[{"id":22101,"href":"https:\/\/blogdorogeriogomes.com.br\/noticias\/wp-json\/wp\/v2\/posts\/22099\/revisions\/22101"}],"wp:featuredmedia":[{"embeddable":true,"href":"https:\/\/blogdorogeriogomes.com.br\/noticias\/wp-json\/wp\/v2\/media\/22100"}],"wp:attachment":[{"href":"https:\/\/blogdorogeriogomes.com.br\/noticias\/wp-json\/wp\/v2\/media?parent=22099"}],"wp:term":[{"taxonomy":"category","embeddable":true,"href":"https:\/\/blogdorogeriogomes.com.br\/noticias\/wp-json\/wp\/v2\/categories?post=22099"},{"taxonomy":"post_tag","embeddable":true,"href":"https:\/\/blogdorogeriogomes.com.br\/noticias\/wp-json\/wp\/v2\/tags?post=22099"}],"curies":[{"name":"wp","href":"https:\/\/api.w.org\/{rel}","templated":true}]}}