{"id":22102,"date":"2021-07-23T09:53:25","date_gmt":"2021-07-23T09:53:25","guid":{"rendered":"https:\/\/blogdorogeriogomes.com.br\/?p=22102"},"modified":"2021-07-27T12:37:14","modified_gmt":"2021-07-27T12:37:14","slug":"pacto-contra-o-coronavirus-no-ceara-percorre-municipios-do-interior-cariri-e-centro-sul-estao-na-rota-do-cadastramento-para-vacinacao","status":"publish","type":"post","link":"https:\/\/blogdorogeriogomes.com.br\/noticias\/2021\/07\/pacto-contra-o-coronavirus-no-ceara-percorre-municipios-do-interior-cariri-e-centro-sul-estao-na-rota-do-cadastramento-para-vacinacao\/","title":{"rendered":"Pacto Contra o Coronav\u00edrus no Cear\u00e1 percorre munic\u00edpios do interior. Cariri e Centro-Sul est\u00e3o na rota do cadastramento para vacina\u00e7\u00e3o"},"content":{"rendered":"\n<p>O Pacto Contra o Coronav\u00edrus, que tem \u00e0 frente a Assembleia Legislativa, concluiu a primeira semana de trabalhos no interior do Cear\u00e1 para ajudar no cadastramento da popula\u00e7\u00e3o mais carente para que tenha acesso \u00e0 vacina\u00e7\u00e3o contra a Covid-19. Para se vacinar \u00e9 preciso fazer o cadastro no aplicativo Sa\u00fade Digital, da Secretaria de Sa\u00fade do Cear\u00e1. O problema \u00e9 que muitas pessoas n\u00e3o tem acesso a internet e tamb\u00e9m tem dificuldades para fazer o cadastro.O Pacto Contra o Coronav\u00edrus est\u00e1 percorrendo munic\u00edpios em todas as regi\u00f5es do Cear\u00e1 para ajudar no cadastro. At\u00e9 agora sete munic\u00edpios foram visitados pelos agentes. Iguatu est\u00e1 na rota de visita na pr\u00f3xima semana. Al\u00e9m de Aracati e Morada Nova, o Pacto Contra o Coronav\u00edrus j\u00e1 esteve em Sobral, Tiangu\u00e1, Vi\u00e7osa do Cear\u00e1, Crate\u00fas e Tau\u00e1.&nbsp;<\/p>\n\n\n\n<p>Na pr\u00f3xima semana, a caravana de cadastramento segue por outros munic\u00edpios do interior cearense. Dia 26 de julho,&nbsp; Canind\u00e9 (manh\u00e3) e Baturit\u00e9 (tarde) ser\u00e3o visitados. Dia 27 \u00e9 a vez de Juazeiro do Norte, no Cariri. No dia 28, o Pacto Contra o Coronav\u00edrus estar\u00e1 em Camocim (manh\u00e3) e Granja (tarde). No dia 29 de julho, Quixeramobim (manh\u00e3) e Iguatu (tarde). E, finalizando a caravana de cadastramento, dia 30, em Itapipoca (tarde).<\/p>\n\n\n\n<figure class=\"wp-block-image size-large\"><img loading=\"lazy\" decoding=\"async\" width=\"1024\" height=\"682\" src=\"https:\/\/blogdorogeriogomes.com.br\/wp-content\/uploads\/2021\/07\/IMG-20210722-WA0131-1024x682.jpg\" alt=\"\" class=\"wp-image-22103\" srcset=\"https:\/\/blogdorogeriogomes.com.br\/noticias\/wp-content\/uploads\/2021\/07\/IMG-20210722-WA0131-1024x682.jpg 1024w, https:\/\/blogdorogeriogomes.com.br\/noticias\/wp-content\/uploads\/2021\/07\/IMG-20210722-WA0131-300x200.jpg 300w, https:\/\/blogdorogeriogomes.com.br\/noticias\/wp-content\/uploads\/2021\/07\/IMG-20210722-WA0131-768x512.jpg 768w, https:\/\/blogdorogeriogomes.com.br\/noticias\/wp-content\/uploads\/2021\/07\/IMG-20210722-WA0131-800x533.jpg 800w, https:\/\/blogdorogeriogomes.com.br\/noticias\/wp-content\/uploads\/2021\/07\/IMG-20210722-WA0131.jpg 1280w\" sizes=\"auto, (max-width: 1024px) 100vw, 1024px\" \/><\/figure>\n","protected":false},"excerpt":{"rendered":"<p>O Pacto Contra o Coronav\u00edrus, que tem \u00e0 frente a Assembleia Legislativa, concluiu a primeira semana de trabalhos no interior do Cear\u00e1 para ajudar no cadastramento da popula\u00e7\u00e3o mais carente para que tenha acesso \u00e0 vacina\u00e7\u00e3o contra a Covid-19. Para se vacinar \u00e9 preciso fazer o cadastro no aplicativo Sa\u00fade Digital, da Secretaria de Sa\u00fade do Cear\u00e1. O problema \u00e9 que muitas pessoas n\u00e3o tem acesso a internet e tamb\u00e9m tem dificuldades para fazer o cadastro.O Pacto Contra o&hellip;<\/p>\n","protected":false},"author":1,"featured_media":22103,"comment_status":"open","ping_status":"open","sticky":false,"template":"","format":"standard","meta":{"footnotes":""},"categories":[1],"tags":[],"class_list":["post-22102","post","type-post","status-publish","format-standard","has-post-thumbnail","hentry","category-noticias"],"_links":{"self":[{"href":"https:\/\/blogdorogeriogomes.com.br\/noticias\/wp-json\/wp\/v2\/posts\/22102","targetHints":{"allow":["GET"]}}],"collection":[{"href":"https:\/\/blogdorogeriogomes.com.br\/noticias\/wp-json\/wp\/v2\/posts"}],"about":[{"href":"https:\/\/blogdorogeriogomes.com.br\/noticias\/wp-json\/wp\/v2\/types\/post"}],"author":[{"embeddable":true,"href":"https:\/\/blogdorogeriogomes.com.br\/noticias\/wp-json\/wp\/v2\/users\/1"}],"replies":[{"embeddable":true,"href":"https:\/\/blogdorogeriogomes.com.br\/noticias\/wp-json\/wp\/v2\/comments?post=22102"}],"version-history":[{"count":2,"href":"https:\/\/blogdorogeriogomes.com.br\/noticias\/wp-json\/wp\/v2\/posts\/22102\/revisions"}],"predecessor-version":[{"id":22143,"href":"https:\/\/blogdorogeriogomes.com.br\/noticias\/wp-json\/wp\/v2\/posts\/22102\/revisions\/22143"}],"wp:featuredmedia":[{"embeddable":true,"href":"https:\/\/blogdorogeriogomes.com.br\/noticias\/wp-json\/wp\/v2\/media\/22103"}],"wp:attachment":[{"href":"https:\/\/blogdorogeriogomes.com.br\/noticias\/wp-json\/wp\/v2\/media?parent=22102"}],"wp:term":[{"taxonomy":"category","embeddable":true,"href":"https:\/\/blogdorogeriogomes.com.br\/noticias\/wp-json\/wp\/v2\/categories?post=22102"},{"taxonomy":"post_tag","embeddable":true,"href":"https:\/\/blogdorogeriogomes.com.br\/noticias\/wp-json\/wp\/v2\/tags?post=22102"}],"curies":[{"name":"wp","href":"https:\/\/api.w.org\/{rel}","templated":true}]}}