{"id":22108,"date":"2021-07-23T18:02:44","date_gmt":"2021-07-23T18:02:44","guid":{"rendered":"https:\/\/blogdorogeriogomes.com.br\/?p=22108"},"modified":"2021-07-27T12:36:55","modified_gmt":"2021-07-27T12:36:55","slug":"novo-decreto-atualiza-eventos-de-ate-200-pessoas-e-altera-toque-de-recolher-para-meia-noite-no-ceara","status":"publish","type":"post","link":"https:\/\/blogdorogeriogomes.com.br\/noticias\/2021\/07\/novo-decreto-atualiza-eventos-de-ate-200-pessoas-e-altera-toque-de-recolher-para-meia-noite-no-ceara\/","title":{"rendered":"Novo decreto atualiza eventos de at\u00e9 200 pessoas e altera toque de recolher para meia-noite no Cear\u00e1"},"content":{"rendered":"\n<p>O governador Camilo Santana (PT) anunciou, nesta sexta-feira, dia 23 de julho, a renova\u00e7\u00e3o do decreto estadual de isolamento social em decorr\u00eancia da pandemia de Covid-19. A partir da pr\u00f3xima segunda-feira, est\u00e3o permitidos eventos de at\u00e9 100 pessoas em ambientes fechados e de at\u00e9 200 pessoas em ambientes abertos. Al\u00e9m disso, restaurantes no Cear\u00e1 podem funcionar at\u00e9 23 horas.<\/p>\n\n\n\n<p>O toque de recolher tamb\u00e9m mudou. Agora ser\u00e1 a partir de meia-noite at\u00e9 as 5 horas. Os detalhes do decreto ser\u00e3o publicados no fim de semana. As medidas valem do dia 26 (segunda) at\u00e9 o dia 9 de agosto.<\/p>\n\n\n\n<p>Outros detalhes contidos na decis\u00e3o do Governo do Cear\u00e1 s\u00e3o a libera\u00e7\u00e3o de reabertura dos teatros e tamb\u00e9m o funcionamento das barracas de praia a partir das 8 horas.<\/p>\n\n\n\n<p>Durante o an\u00fancio, feito em transmiss\u00e3o virtual nas suas redes, Camilo salientou que a popula\u00e7\u00e3o precisa ter responsabilidade neste processo de reabertura e manter todos os cuidados sanit\u00e1rios. &#8220;\u00c9 importante lembrar sempre que a pandemia ainda n\u00e3o acabou&#8221;, disse.<\/p>\n\n\n\n<figure class=\"wp-block-image size-large\"><img loading=\"lazy\" decoding=\"async\" width=\"746\" height=\"411\" src=\"https:\/\/blogdorogeriogomes.com.br\/wp-content\/uploads\/2021\/07\/images-2021-07-23T150101.774.jpeg\" alt=\"\" class=\"wp-image-22109\" srcset=\"https:\/\/blogdorogeriogomes.com.br\/noticias\/wp-content\/uploads\/2021\/07\/images-2021-07-23T150101.774.jpeg 746w, https:\/\/blogdorogeriogomes.com.br\/noticias\/wp-content\/uploads\/2021\/07\/images-2021-07-23T150101.774-300x165.jpeg 300w\" sizes=\"auto, (max-width: 746px) 100vw, 746px\" \/><\/figure>\n","protected":false},"excerpt":{"rendered":"<p>O governador Camilo Santana (PT) anunciou, nesta sexta-feira, dia 23 de julho, a renova\u00e7\u00e3o do decreto estadual de isolamento social em decorr\u00eancia da pandemia de Covid-19. A partir da pr\u00f3xima segunda-feira, est\u00e3o permitidos eventos de at\u00e9 100 pessoas em ambientes fechados e de at\u00e9 200 pessoas em ambientes abertos. Al\u00e9m disso, restaurantes no Cear\u00e1 podem funcionar at\u00e9 23 horas. O toque de recolher tamb\u00e9m mudou. Agora ser\u00e1 a partir de meia-noite at\u00e9 as 5 horas. Os detalhes do decreto&hellip;<\/p>\n","protected":false},"author":1,"featured_media":22109,"comment_status":"open","ping_status":"open","sticky":false,"template":"","format":"standard","meta":{"footnotes":""},"categories":[1],"tags":[],"class_list":["post-22108","post","type-post","status-publish","format-standard","has-post-thumbnail","hentry","category-noticias"],"_links":{"self":[{"href":"https:\/\/blogdorogeriogomes.com.br\/noticias\/wp-json\/wp\/v2\/posts\/22108","targetHints":{"allow":["GET"]}}],"collection":[{"href":"https:\/\/blogdorogeriogomes.com.br\/noticias\/wp-json\/wp\/v2\/posts"}],"about":[{"href":"https:\/\/blogdorogeriogomes.com.br\/noticias\/wp-json\/wp\/v2\/types\/post"}],"author":[{"embeddable":true,"href":"https:\/\/blogdorogeriogomes.com.br\/noticias\/wp-json\/wp\/v2\/users\/1"}],"replies":[{"embeddable":true,"href":"https:\/\/blogdorogeriogomes.com.br\/noticias\/wp-json\/wp\/v2\/comments?post=22108"}],"version-history":[{"count":1,"href":"https:\/\/blogdorogeriogomes.com.br\/noticias\/wp-json\/wp\/v2\/posts\/22108\/revisions"}],"predecessor-version":[{"id":22110,"href":"https:\/\/blogdorogeriogomes.com.br\/noticias\/wp-json\/wp\/v2\/posts\/22108\/revisions\/22110"}],"wp:featuredmedia":[{"embeddable":true,"href":"https:\/\/blogdorogeriogomes.com.br\/noticias\/wp-json\/wp\/v2\/media\/22109"}],"wp:attachment":[{"href":"https:\/\/blogdorogeriogomes.com.br\/noticias\/wp-json\/wp\/v2\/media?parent=22108"}],"wp:term":[{"taxonomy":"category","embeddable":true,"href":"https:\/\/blogdorogeriogomes.com.br\/noticias\/wp-json\/wp\/v2\/categories?post=22108"},{"taxonomy":"post_tag","embeddable":true,"href":"https:\/\/blogdorogeriogomes.com.br\/noticias\/wp-json\/wp\/v2\/tags?post=22108"}],"curies":[{"name":"wp","href":"https:\/\/api.w.org\/{rel}","templated":true}]}}