{"id":22124,"date":"2021-07-26T10:35:10","date_gmt":"2021-07-26T10:35:10","guid":{"rendered":"https:\/\/blogdorogeriogomes.com.br\/?p=22124"},"modified":"2021-07-27T12:36:25","modified_gmt":"2021-07-27T12:36:25","slug":"lula-confirma-encontros-politicos-no-nordeste-em-agosto-ceara-esta-na-rota","status":"publish","type":"post","link":"https:\/\/blogdorogeriogomes.com.br\/noticias\/2021\/07\/lula-confirma-encontros-politicos-no-nordeste-em-agosto-ceara-esta-na-rota\/","title":{"rendered":"Lula confirma encontros pol\u00edticos no Nordeste em agosto. Cear\u00e1 est\u00e1 na rota"},"content":{"rendered":"\n<p>O ex-presidente Lula (PT) vai realizar encontros pol\u00edticos no Nordeste no m\u00eas de agosto. A expectativa \u00e9 que a viagem aconte\u00e7a na segunda quinzena do m\u00eas. Cinco estados devem ser visitados. Os primeiros contatos pol\u00edticos ser\u00e3o em Pernambuco. Depois, Lula seguir\u00e1 para a Bahia, Cear\u00e1, Piau\u00ed e Rio Grande do Norte.<\/p>\n\n\n\n<p>Durante a viagem pelos estados nordestinos n\u00e3o devem ocorrer eventos p\u00fablicos para evitar as aglomera\u00e7\u00f5es. O objetivo das reuni\u00f5es pol\u00edticas \u00e9 iniciar as articula\u00e7\u00f5es nos estados para as elei\u00e7\u00f5es de 2022, que envolvem a disputa presidencial e a escolha de novos governadores.<\/p>\n\n\n\n<p>No Cear\u00e1, Lula se encontrar\u00e1 com o governador Camilo Santana (PT), que \u00e9 cotado para concorrer ao Senado no pr\u00f3ximo ano. Dirigentes do PT no Estado tamb\u00e9m devem participar dos encontros.<\/p>\n\n\n\n<figure class=\"wp-block-image size-large\"><img loading=\"lazy\" decoding=\"async\" width=\"640\" height=\"361\" src=\"https:\/\/blogdorogeriogomes.com.br\/wp-content\/uploads\/2021\/07\/images-2021-07-26T072538.946.jpeg\" alt=\"\" class=\"wp-image-22125\" srcset=\"https:\/\/blogdorogeriogomes.com.br\/noticias\/wp-content\/uploads\/2021\/07\/images-2021-07-26T072538.946.jpeg 640w, https:\/\/blogdorogeriogomes.com.br\/noticias\/wp-content\/uploads\/2021\/07\/images-2021-07-26T072538.946-300x169.jpeg 300w\" sizes=\"auto, (max-width: 640px) 100vw, 640px\" \/><\/figure>\n","protected":false},"excerpt":{"rendered":"<p>O ex-presidente Lula (PT) vai realizar encontros pol\u00edticos no Nordeste no m\u00eas de agosto. A expectativa \u00e9 que a viagem aconte\u00e7a na segunda quinzena do m\u00eas. Cinco estados devem ser visitados. Os primeiros contatos pol\u00edticos ser\u00e3o em Pernambuco. Depois, Lula seguir\u00e1 para a Bahia, Cear\u00e1, Piau\u00ed e Rio Grande do Norte. Durante a viagem pelos estados nordestinos n\u00e3o devem ocorrer eventos p\u00fablicos para evitar as aglomera\u00e7\u00f5es. O objetivo das reuni\u00f5es pol\u00edticas \u00e9 iniciar as articula\u00e7\u00f5es nos estados para as&hellip;<\/p>\n","protected":false},"author":1,"featured_media":22125,"comment_status":"open","ping_status":"open","sticky":false,"template":"","format":"standard","meta":{"footnotes":""},"categories":[1],"tags":[],"class_list":["post-22124","post","type-post","status-publish","format-standard","has-post-thumbnail","hentry","category-noticias"],"_links":{"self":[{"href":"https:\/\/blogdorogeriogomes.com.br\/noticias\/wp-json\/wp\/v2\/posts\/22124","targetHints":{"allow":["GET"]}}],"collection":[{"href":"https:\/\/blogdorogeriogomes.com.br\/noticias\/wp-json\/wp\/v2\/posts"}],"about":[{"href":"https:\/\/blogdorogeriogomes.com.br\/noticias\/wp-json\/wp\/v2\/types\/post"}],"author":[{"embeddable":true,"href":"https:\/\/blogdorogeriogomes.com.br\/noticias\/wp-json\/wp\/v2\/users\/1"}],"replies":[{"embeddable":true,"href":"https:\/\/blogdorogeriogomes.com.br\/noticias\/wp-json\/wp\/v2\/comments?post=22124"}],"version-history":[{"count":1,"href":"https:\/\/blogdorogeriogomes.com.br\/noticias\/wp-json\/wp\/v2\/posts\/22124\/revisions"}],"predecessor-version":[{"id":22126,"href":"https:\/\/blogdorogeriogomes.com.br\/noticias\/wp-json\/wp\/v2\/posts\/22124\/revisions\/22126"}],"wp:featuredmedia":[{"embeddable":true,"href":"https:\/\/blogdorogeriogomes.com.br\/noticias\/wp-json\/wp\/v2\/media\/22125"}],"wp:attachment":[{"href":"https:\/\/blogdorogeriogomes.com.br\/noticias\/wp-json\/wp\/v2\/media?parent=22124"}],"wp:term":[{"taxonomy":"category","embeddable":true,"href":"https:\/\/blogdorogeriogomes.com.br\/noticias\/wp-json\/wp\/v2\/categories?post=22124"},{"taxonomy":"post_tag","embeddable":true,"href":"https:\/\/blogdorogeriogomes.com.br\/noticias\/wp-json\/wp\/v2\/tags?post=22124"}],"curies":[{"name":"wp","href":"https:\/\/api.w.org\/{rel}","templated":true}]}}