{"id":22127,"date":"2021-07-26T10:59:09","date_gmt":"2021-07-26T10:59:09","guid":{"rendered":"https:\/\/blogdorogeriogomes.com.br\/?p=22127"},"modified":"2021-07-27T12:35:58","modified_gmt":"2021-07-27T12:35:58","slug":"fortaleza-inicia-vacinacao-de-pessoas-nascidas-em-93-e-94-nesta-segunda-feira","status":"publish","type":"post","link":"https:\/\/blogdorogeriogomes.com.br\/noticias\/2021\/07\/fortaleza-inicia-vacinacao-de-pessoas-nascidas-em-93-e-94-nesta-segunda-feira\/","title":{"rendered":"Fortaleza inicia vacina\u00e7\u00e3o de pessoas nascidas em 93 e 94 nesta segunda-feira"},"content":{"rendered":"\n<p>A vacina\u00e7\u00e3o avan\u00e7a na faixa et\u00e1ria nesta segunda-feira, dia 26 de julho. A Prefeitura de Fortaleza divulgou a lista de pessoas que est\u00e3o agendadas para receber a vacina contra a Covid-19. Receber\u00e3o as doses pessoas nascidas em 93 e 94. No ato da vacina\u00e7\u00e3o, \u00e9 obrigat\u00f3rio apresentar documento de identidade original com foto, cart\u00e3o nacional de sa\u00fade ou CPF e comprovante de endere\u00e7o no munic\u00edpio de Fortaleza.<\/p>\n\n\n\n<p>Nesta semana, o Cear\u00e1 vai receber um novo lote de vacinas contra a Covid-19. S\u00e3o&nbsp;493.750 doses de vacina contra o coronav\u00edrus. Os imunizantes a serem recebidos s\u00e3o da AstraZeneca, CoronaVac e Pfizer.&nbsp;<\/p>\n\n\n\n<figure class=\"wp-block-image size-large\"><img loading=\"lazy\" decoding=\"async\" width=\"678\" height=\"452\" src=\"https:\/\/blogdorogeriogomes.com.br\/wp-content\/uploads\/2021\/07\/images-2021-07-26T075825.982.jpeg\" alt=\"\" class=\"wp-image-22128\" srcset=\"https:\/\/blogdorogeriogomes.com.br\/noticias\/wp-content\/uploads\/2021\/07\/images-2021-07-26T075825.982.jpeg 678w, https:\/\/blogdorogeriogomes.com.br\/noticias\/wp-content\/uploads\/2021\/07\/images-2021-07-26T075825.982-300x200.jpeg 300w\" sizes=\"auto, (max-width: 678px) 100vw, 678px\" \/><\/figure>\n","protected":false},"excerpt":{"rendered":"<p>A vacina\u00e7\u00e3o avan\u00e7a na faixa et\u00e1ria nesta segunda-feira, dia 26 de julho. A Prefeitura de Fortaleza divulgou a lista de pessoas que est\u00e3o agendadas para receber a vacina contra a Covid-19. Receber\u00e3o as doses pessoas nascidas em 93 e 94. No ato da vacina\u00e7\u00e3o, \u00e9 obrigat\u00f3rio apresentar documento de identidade original com foto, cart\u00e3o nacional de sa\u00fade ou CPF e comprovante de endere\u00e7o no munic\u00edpio de Fortaleza. Nesta semana, o Cear\u00e1 vai receber um novo lote de vacinas contra&hellip;<\/p>\n","protected":false},"author":1,"featured_media":22128,"comment_status":"open","ping_status":"open","sticky":false,"template":"","format":"standard","meta":{"footnotes":""},"categories":[1],"tags":[],"class_list":["post-22127","post","type-post","status-publish","format-standard","has-post-thumbnail","hentry","category-noticias"],"_links":{"self":[{"href":"https:\/\/blogdorogeriogomes.com.br\/noticias\/wp-json\/wp\/v2\/posts\/22127","targetHints":{"allow":["GET"]}}],"collection":[{"href":"https:\/\/blogdorogeriogomes.com.br\/noticias\/wp-json\/wp\/v2\/posts"}],"about":[{"href":"https:\/\/blogdorogeriogomes.com.br\/noticias\/wp-json\/wp\/v2\/types\/post"}],"author":[{"embeddable":true,"href":"https:\/\/blogdorogeriogomes.com.br\/noticias\/wp-json\/wp\/v2\/users\/1"}],"replies":[{"embeddable":true,"href":"https:\/\/blogdorogeriogomes.com.br\/noticias\/wp-json\/wp\/v2\/comments?post=22127"}],"version-history":[{"count":2,"href":"https:\/\/blogdorogeriogomes.com.br\/noticias\/wp-json\/wp\/v2\/posts\/22127\/revisions"}],"predecessor-version":[{"id":22142,"href":"https:\/\/blogdorogeriogomes.com.br\/noticias\/wp-json\/wp\/v2\/posts\/22127\/revisions\/22142"}],"wp:featuredmedia":[{"embeddable":true,"href":"https:\/\/blogdorogeriogomes.com.br\/noticias\/wp-json\/wp\/v2\/media\/22128"}],"wp:attachment":[{"href":"https:\/\/blogdorogeriogomes.com.br\/noticias\/wp-json\/wp\/v2\/media?parent=22127"}],"wp:term":[{"taxonomy":"category","embeddable":true,"href":"https:\/\/blogdorogeriogomes.com.br\/noticias\/wp-json\/wp\/v2\/categories?post=22127"},{"taxonomy":"post_tag","embeddable":true,"href":"https:\/\/blogdorogeriogomes.com.br\/noticias\/wp-json\/wp\/v2\/tags?post=22127"}],"curies":[{"name":"wp","href":"https:\/\/api.w.org\/{rel}","templated":true}]}}