{"id":22130,"date":"2021-07-26T18:32:00","date_gmt":"2021-07-26T18:32:00","guid":{"rendered":"https:\/\/blogdorogeriogomes.com.br\/?p=22130"},"modified":"2021-07-27T12:37:56","modified_gmt":"2021-07-27T12:37:56","slug":"aulas-presenciais-na-rede-municipal-de-fortaleza-serao-retomadas-no-dia-8-de-setembro","status":"publish","type":"post","link":"https:\/\/blogdorogeriogomes.com.br\/noticias\/2021\/07\/aulas-presenciais-na-rede-municipal-de-fortaleza-serao-retomadas-no-dia-8-de-setembro\/","title":{"rendered":"Aulas presenciais na rede municipal de Fortaleza ser\u00e3o retomadas no dia 8 de setembro"},"content":{"rendered":"\n<p>O prefeito de Fortaleza, Jos\u00e9 Sarto, anunciou, nesta segunda-feira, dia 26 de julho, o cronograma de retorno gradual das atividades presenciais nas escolas do Munic\u00edpio. O calend\u00e1rio \u00e9 dividido em etapas. A expectativa \u00e9 que as escolas funcionem com 50% da capacidade, em formato h\u00edbrido, a partir de 8 setembro.<\/p>\n\n\n\n\n\n<p>O segundo semestre letivo de 2021 ter\u00e1 in\u00edcio, ainda de forma remota, no pr\u00f3ximo dia 29 de julho. A acolhida de professores ocorrer\u00e1 de 29 de julho a 4 de agosto, enquanto que a abordagem junto \u00e0s fam\u00edlias ser\u00e1 realizada de 5 a 13 de agosto.&nbsp;Na etapa seguinte, ser\u00e1 aplicada, entre os dias 16 e 27 de agosto, a Avalia\u00e7\u00e3o Diagn\u00f3stica de Rede para todos os alunos do Ensino Fundamental. O exame tem o objetivo de identificar e analisar os n\u00edveis de aprendizagem dos estudantes.<\/p>\n\n\n\n<p>Todas as 581 unidades escolares da Rede Municipal em Fortaleza foram analisadas e passaram ou est\u00e3o passando por adequa\u00e7\u00e3o para adapta\u00e7\u00e3o da estrutura, de acordo com o protocolo sanit\u00e1rio de preven\u00e7\u00e3o \u00e0 Covid-19.<\/p>\n\n\n\n\n\n<figure class=\"wp-block-image size-large\"><img loading=\"lazy\" decoding=\"async\" width=\"600\" height=\"400\" src=\"https:\/\/blogdorogeriogomes.com.br\/wp-content\/uploads\/2021\/06\/images-75.jpeg\" alt=\"\" class=\"wp-image-21786\" srcset=\"https:\/\/blogdorogeriogomes.com.br\/noticias\/wp-content\/uploads\/2021\/06\/images-75.jpeg 600w, https:\/\/blogdorogeriogomes.com.br\/noticias\/wp-content\/uploads\/2021\/06\/images-75-300x200.jpeg 300w\" sizes=\"auto, (max-width: 600px) 100vw, 600px\" \/><\/figure>\n","protected":false},"excerpt":{"rendered":"<p>O prefeito de Fortaleza, Jos\u00e9 Sarto, anunciou, nesta segunda-feira, dia 26 de julho, o cronograma de retorno gradual das atividades presenciais nas escolas do Munic\u00edpio. O calend\u00e1rio \u00e9 dividido em etapas. A expectativa \u00e9 que as escolas funcionem com 50% da capacidade, em formato h\u00edbrido, a partir de 8 setembro. O segundo semestre letivo de 2021 ter\u00e1 in\u00edcio, ainda de forma remota, no pr\u00f3ximo dia 29 de julho. A acolhida de professores ocorrer\u00e1 de 29 de julho a 4&hellip;<\/p>\n","protected":false},"author":1,"featured_media":22075,"comment_status":"open","ping_status":"open","sticky":false,"template":"","format":"standard","meta":{"footnotes":""},"categories":[1],"tags":[],"class_list":["post-22130","post","type-post","status-publish","format-standard","has-post-thumbnail","hentry","category-noticias"],"_links":{"self":[{"href":"https:\/\/blogdorogeriogomes.com.br\/noticias\/wp-json\/wp\/v2\/posts\/22130","targetHints":{"allow":["GET"]}}],"collection":[{"href":"https:\/\/blogdorogeriogomes.com.br\/noticias\/wp-json\/wp\/v2\/posts"}],"about":[{"href":"https:\/\/blogdorogeriogomes.com.br\/noticias\/wp-json\/wp\/v2\/types\/post"}],"author":[{"embeddable":true,"href":"https:\/\/blogdorogeriogomes.com.br\/noticias\/wp-json\/wp\/v2\/users\/1"}],"replies":[{"embeddable":true,"href":"https:\/\/blogdorogeriogomes.com.br\/noticias\/wp-json\/wp\/v2\/comments?post=22130"}],"version-history":[{"count":2,"href":"https:\/\/blogdorogeriogomes.com.br\/noticias\/wp-json\/wp\/v2\/posts\/22130\/revisions"}],"predecessor-version":[{"id":22144,"href":"https:\/\/blogdorogeriogomes.com.br\/noticias\/wp-json\/wp\/v2\/posts\/22130\/revisions\/22144"}],"wp:featuredmedia":[{"embeddable":true,"href":"https:\/\/blogdorogeriogomes.com.br\/noticias\/wp-json\/wp\/v2\/media\/22075"}],"wp:attachment":[{"href":"https:\/\/blogdorogeriogomes.com.br\/noticias\/wp-json\/wp\/v2\/media?parent=22130"}],"wp:term":[{"taxonomy":"category","embeddable":true,"href":"https:\/\/blogdorogeriogomes.com.br\/noticias\/wp-json\/wp\/v2\/categories?post=22130"},{"taxonomy":"post_tag","embeddable":true,"href":"https:\/\/blogdorogeriogomes.com.br\/noticias\/wp-json\/wp\/v2\/tags?post=22130"}],"curies":[{"name":"wp","href":"https:\/\/api.w.org\/{rel}","templated":true}]}}