{"id":22139,"date":"2021-07-27T10:16:25","date_gmt":"2021-07-27T10:16:25","guid":{"rendered":"https:\/\/blogdorogeriogomes.com.br\/?p=22139"},"modified":"2021-07-27T12:34:43","modified_gmt":"2021-07-27T12:34:43","slug":"edital-para-concurso-da-pm-do-ceara-sera-lancado-ainda-esta-semana-diz-camilo-santana","status":"publish","type":"post","link":"https:\/\/blogdorogeriogomes.com.br\/noticias\/2021\/07\/edital-para-concurso-da-pm-do-ceara-sera-lancado-ainda-esta-semana-diz-camilo-santana\/","title":{"rendered":"Edital para concurso da PM do Cear\u00e1 ser\u00e1 lan\u00e7ado ainda esta semana, diz Camilo Santana"},"content":{"rendered":"\n<p>O governador do Cear\u00e1, Camilo Santana (PT), confirmou que nesta semana ser\u00e1 lan\u00e7ado o edital para o concurso para a Pol\u00edcia Militar, com mais de duas mil vagas. \u201cEm breve tamb\u00e9m vamos lan\u00e7ar mais um outro concurso com mais 50 vagas para a \u00e1rea de sa\u00fade, \u00e1rea complementar tanto da Pol\u00edcia Militar, quanto do Corpo de Bombeiros\u201d, disse o governador Camilo Santana.<\/p>\n\n\n\n<p>O Cear\u00e1 est\u00e1 com processos seletivos em curso para a Per\u00edcia Forense (Pefoce) e Pol\u00edcia Civil. Nesta segunda-feira, dia 26 de julho, Camilo Santana assinou a ordem de servi\u00e7o para a constru\u00e7\u00e3o do novo Complexo de Assist\u00eancia Biopsicossocial, Odontol\u00f3gica e Laboratorial da Pol\u00edcia Militar e Corpo de Bombeiros Militar.<\/p>\n\n\n\n<figure class=\"wp-block-image size-large\"><img loading=\"lazy\" decoding=\"async\" width=\"600\" height=\"400\" src=\"https:\/\/blogdorogeriogomes.com.br\/wp-content\/uploads\/2021\/07\/mulheres-policiais-ceara.jpg\" alt=\"\" class=\"wp-image-22140\" srcset=\"https:\/\/blogdorogeriogomes.com.br\/noticias\/wp-content\/uploads\/2021\/07\/mulheres-policiais-ceara.jpg 600w, https:\/\/blogdorogeriogomes.com.br\/noticias\/wp-content\/uploads\/2021\/07\/mulheres-policiais-ceara-300x200.jpg 300w\" sizes=\"auto, (max-width: 600px) 100vw, 600px\" \/><\/figure>\n","protected":false},"excerpt":{"rendered":"<p>O governador do Cear\u00e1, Camilo Santana (PT), confirmou que nesta semana ser\u00e1 lan\u00e7ado o edital para o concurso para a Pol\u00edcia Militar, com mais de duas mil vagas. \u201cEm breve tamb\u00e9m vamos lan\u00e7ar mais um outro concurso com mais 50 vagas para a \u00e1rea de sa\u00fade, \u00e1rea complementar tanto da Pol\u00edcia Militar, quanto do Corpo de Bombeiros\u201d, disse o governador Camilo Santana. O Cear\u00e1 est\u00e1 com processos seletivos em curso para a Per\u00edcia Forense (Pefoce) e Pol\u00edcia Civil. Nesta&hellip;<\/p>\n","protected":false},"author":1,"featured_media":22140,"comment_status":"open","ping_status":"open","sticky":false,"template":"","format":"standard","meta":{"footnotes":""},"categories":[1],"tags":[],"class_list":["post-22139","post","type-post","status-publish","format-standard","has-post-thumbnail","hentry","category-noticias"],"_links":{"self":[{"href":"https:\/\/blogdorogeriogomes.com.br\/noticias\/wp-json\/wp\/v2\/posts\/22139","targetHints":{"allow":["GET"]}}],"collection":[{"href":"https:\/\/blogdorogeriogomes.com.br\/noticias\/wp-json\/wp\/v2\/posts"}],"about":[{"href":"https:\/\/blogdorogeriogomes.com.br\/noticias\/wp-json\/wp\/v2\/types\/post"}],"author":[{"embeddable":true,"href":"https:\/\/blogdorogeriogomes.com.br\/noticias\/wp-json\/wp\/v2\/users\/1"}],"replies":[{"embeddable":true,"href":"https:\/\/blogdorogeriogomes.com.br\/noticias\/wp-json\/wp\/v2\/comments?post=22139"}],"version-history":[{"count":1,"href":"https:\/\/blogdorogeriogomes.com.br\/noticias\/wp-json\/wp\/v2\/posts\/22139\/revisions"}],"predecessor-version":[{"id":22141,"href":"https:\/\/blogdorogeriogomes.com.br\/noticias\/wp-json\/wp\/v2\/posts\/22139\/revisions\/22141"}],"wp:featuredmedia":[{"embeddable":true,"href":"https:\/\/blogdorogeriogomes.com.br\/noticias\/wp-json\/wp\/v2\/media\/22140"}],"wp:attachment":[{"href":"https:\/\/blogdorogeriogomes.com.br\/noticias\/wp-json\/wp\/v2\/media?parent=22139"}],"wp:term":[{"taxonomy":"category","embeddable":true,"href":"https:\/\/blogdorogeriogomes.com.br\/noticias\/wp-json\/wp\/v2\/categories?post=22139"},{"taxonomy":"post_tag","embeddable":true,"href":"https:\/\/blogdorogeriogomes.com.br\/noticias\/wp-json\/wp\/v2\/tags?post=22139"}],"curies":[{"name":"wp","href":"https:\/\/api.w.org\/{rel}","templated":true}]}}