{"id":22148,"date":"2021-07-27T20:03:14","date_gmt":"2021-07-27T20:03:14","guid":{"rendered":"https:\/\/blogdorogeriogomes.com.br\/?p=22148"},"modified":"2021-07-28T20:58:40","modified_gmt":"2021-07-28T20:58:40","slug":"ciro-nogueira-assume-casa-civil-e-bolsonaro-abre-as-portas-do-governo-federal-para-membros-do-centrao","status":"publish","type":"post","link":"https:\/\/blogdorogeriogomes.com.br\/noticias\/2021\/07\/ciro-nogueira-assume-casa-civil-e-bolsonaro-abre-as-portas-do-governo-federal-para-membros-do-centrao\/","title":{"rendered":"Ciro Nogueira assume Casa Civil e Bolsonaro abre as portas do Governo Federal para membros do Centr\u00e3o"},"content":{"rendered":"\n<p>O senador Ciro Nogueira (PP) foi oficialmente confirmado como novo ministro da Casa Civil, nesta ter\u00e7a-feira, dia 27 de julho, ap\u00f3s aceitar convite feito pelo presidente Jair Bolsonaro (sem partido). Presidente do PP, Nogueira \u00e9 o primeiro prestigiado na investida de Bolsonaro em busca de abrir as portas do governo para nomes do Centr\u00e3o, com o objetivo de fortalecer a sua base governista.<\/p>\n\n\n\n<p>Ciro Nogueira \u00e9 um quadro experiente dentro do Congresso, com 30 anos de Casa entre mandatos de deputado federal e senador. Num contexto de rela\u00e7\u00e3o conturbada entre Legislativo e Executivo, com a CPI da Covid investigando ind\u00edcios de corrup\u00e7\u00e3o e omiss\u00f5es do governo Bolsonaro na gest\u00e3o da pandemia, o parlamentar surge como um nome que deve investir em pacificar a rela\u00e7\u00e3o entre os dois poderes.<\/p>\n\n\n\n<p>Com a ida de Ciro para a Casa Civil, o atual ministro Luiz Eduardo Ramos segue para a Secretaria-Geral da Presid\u00eancia, da qual o seu atual titular segue para o comando do novo Minist\u00e9rio do Emprego e Previd\u00eancia, que abrir\u00e1 por sua vez 200 cargos de indica\u00e7\u00e3o pol\u00edtica. Mais portas abertas nesta pequena reforma ministerial de Bolsonaro para oferecer a lideran\u00e7as centristas.<\/p>\n\n\n\n<p>Se em 2018 o presidente prometia n\u00e3o negociar com o Centr\u00e3o, hoje assume de vez este papel para tentar garantir sobrevida at\u00e9 as elei\u00e7\u00f5es presidenciais de 2022.<\/p>\n\n\n\n<figure class=\"wp-block-image size-large\"><img loading=\"lazy\" decoding=\"async\" width=\"984\" height=\"656\" src=\"https:\/\/blogdorogeriogomes.com.br\/wp-content\/uploads\/2021\/07\/51191998946-88e9c2282f-c.jpg\" alt=\"\" class=\"wp-image-22149\" srcset=\"https:\/\/blogdorogeriogomes.com.br\/noticias\/wp-content\/uploads\/2021\/07\/51191998946-88e9c2282f-c.jpg 984w, https:\/\/blogdorogeriogomes.com.br\/noticias\/wp-content\/uploads\/2021\/07\/51191998946-88e9c2282f-c-300x200.jpg 300w, https:\/\/blogdorogeriogomes.com.br\/noticias\/wp-content\/uploads\/2021\/07\/51191998946-88e9c2282f-c-768x512.jpg 768w, https:\/\/blogdorogeriogomes.com.br\/noticias\/wp-content\/uploads\/2021\/07\/51191998946-88e9c2282f-c-800x533.jpg 800w\" sizes=\"auto, (max-width: 984px) 100vw, 984px\" \/><\/figure>\n","protected":false},"excerpt":{"rendered":"<p>O senador Ciro Nogueira (PP) foi oficialmente confirmado como novo ministro da Casa Civil, nesta ter\u00e7a-feira, dia 27 de julho, ap\u00f3s aceitar convite feito pelo presidente Jair Bolsonaro (sem partido). Presidente do PP, Nogueira \u00e9 o primeiro prestigiado na investida de Bolsonaro em busca de abrir as portas do governo para nomes do Centr\u00e3o, com o objetivo de fortalecer a sua base governista. Ciro Nogueira \u00e9 um quadro experiente dentro do Congresso, com 30 anos de Casa entre mandatos&hellip;<\/p>\n","protected":false},"author":1,"featured_media":22149,"comment_status":"open","ping_status":"open","sticky":false,"template":"","format":"standard","meta":{"footnotes":""},"categories":[1],"tags":[],"class_list":["post-22148","post","type-post","status-publish","format-standard","has-post-thumbnail","hentry","category-noticias"],"_links":{"self":[{"href":"https:\/\/blogdorogeriogomes.com.br\/noticias\/wp-json\/wp\/v2\/posts\/22148","targetHints":{"allow":["GET"]}}],"collection":[{"href":"https:\/\/blogdorogeriogomes.com.br\/noticias\/wp-json\/wp\/v2\/posts"}],"about":[{"href":"https:\/\/blogdorogeriogomes.com.br\/noticias\/wp-json\/wp\/v2\/types\/post"}],"author":[{"embeddable":true,"href":"https:\/\/blogdorogeriogomes.com.br\/noticias\/wp-json\/wp\/v2\/users\/1"}],"replies":[{"embeddable":true,"href":"https:\/\/blogdorogeriogomes.com.br\/noticias\/wp-json\/wp\/v2\/comments?post=22148"}],"version-history":[{"count":1,"href":"https:\/\/blogdorogeriogomes.com.br\/noticias\/wp-json\/wp\/v2\/posts\/22148\/revisions"}],"predecessor-version":[{"id":22150,"href":"https:\/\/blogdorogeriogomes.com.br\/noticias\/wp-json\/wp\/v2\/posts\/22148\/revisions\/22150"}],"wp:featuredmedia":[{"embeddable":true,"href":"https:\/\/blogdorogeriogomes.com.br\/noticias\/wp-json\/wp\/v2\/media\/22149"}],"wp:attachment":[{"href":"https:\/\/blogdorogeriogomes.com.br\/noticias\/wp-json\/wp\/v2\/media?parent=22148"}],"wp:term":[{"taxonomy":"category","embeddable":true,"href":"https:\/\/blogdorogeriogomes.com.br\/noticias\/wp-json\/wp\/v2\/categories?post=22148"},{"taxonomy":"post_tag","embeddable":true,"href":"https:\/\/blogdorogeriogomes.com.br\/noticias\/wp-json\/wp\/v2\/tags?post=22148"}],"curies":[{"name":"wp","href":"https:\/\/api.w.org\/{rel}","templated":true}]}}