{"id":22151,"date":"2021-07-28T09:54:25","date_gmt":"2021-07-28T09:54:25","guid":{"rendered":"https:\/\/blogdorogeriogomes.com.br\/?p=22151"},"modified":"2021-07-28T20:58:29","modified_gmt":"2021-07-28T20:58:29","slug":"fortaleza-so-vacinara-pessoas-para-segunda-dose-nesta-quarta-e-quinta-feira","status":"publish","type":"post","link":"https:\/\/blogdorogeriogomes.com.br\/noticias\/2021\/07\/fortaleza-so-vacinara-pessoas-para-segunda-dose-nesta-quarta-e-quinta-feira\/","title":{"rendered":"Fortaleza s\u00f3 vacinar\u00e1 pessoas para segunda dose nesta quarta e quinta-feira"},"content":{"rendered":"\n<p>A vacina\u00e7\u00e3o contra a Covid-19 nesta quarta-feira, dia 28 de julho, e quinta-feira, dia 29, ser\u00e1 apenas para quem est\u00e1 aguardando a segunda dose. Outras nove capitais no Pa\u00eds tamb\u00e9m suspenderam a vacina\u00e7\u00e3o da primeira dose por falhas na distribui\u00e7\u00e3o dos imunizantes pelo Minist\u00e9rio da Sa\u00fade. De acordo com o prefeito de Fortaleza, Jos\u00e9 Sarto (PDT), os agendamentos de primeira dose ser\u00e3o retomados ap\u00f3s a chegada de novos lotes.<\/p>\n\n\n\n<p>O Cear\u00e1 recebeu novos lotes de vacina contra a Covid-19, nesta ter\u00e7a-feira. Foram entregues ao Estado&nbsp;205.400 doses de imunizantes, sendo 42.200 da AstraZeneca, por meio do Cons\u00f3rcio Covax Facility, e 163.200 da CoronaVac. A entrega faz parte de um pacote de 490 mil doses previstas para chegar ao Cear\u00e1 esta semana, segundo informou pelas redes sociais o governador Camilo Santana.<\/p>\n\n\n\n<figure class=\"wp-block-image size-large\"><img loading=\"lazy\" decoding=\"async\" width=\"1024\" height=\"682\" src=\"https:\/\/blogdorogeriogomes.com.br\/wp-content\/uploads\/2021\/07\/IMG-20210727-WA0089.jpg\" alt=\"\" class=\"wp-image-22152\" srcset=\"https:\/\/blogdorogeriogomes.com.br\/noticias\/wp-content\/uploads\/2021\/07\/IMG-20210727-WA0089.jpg 1024w, https:\/\/blogdorogeriogomes.com.br\/noticias\/wp-content\/uploads\/2021\/07\/IMG-20210727-WA0089-300x200.jpg 300w, https:\/\/blogdorogeriogomes.com.br\/noticias\/wp-content\/uploads\/2021\/07\/IMG-20210727-WA0089-768x512.jpg 768w, https:\/\/blogdorogeriogomes.com.br\/noticias\/wp-content\/uploads\/2021\/07\/IMG-20210727-WA0089-800x533.jpg 800w\" sizes=\"auto, (max-width: 1024px) 100vw, 1024px\" \/><\/figure>\n","protected":false},"excerpt":{"rendered":"<p>A vacina\u00e7\u00e3o contra a Covid-19 nesta quarta-feira, dia 28 de julho, e quinta-feira, dia 29, ser\u00e1 apenas para quem est\u00e1 aguardando a segunda dose. Outras nove capitais no Pa\u00eds tamb\u00e9m suspenderam a vacina\u00e7\u00e3o da primeira dose por falhas na distribui\u00e7\u00e3o dos imunizantes pelo Minist\u00e9rio da Sa\u00fade. De acordo com o prefeito de Fortaleza, Jos\u00e9 Sarto (PDT), os agendamentos de primeira dose ser\u00e3o retomados ap\u00f3s a chegada de novos lotes. O Cear\u00e1 recebeu novos lotes de vacina contra a Covid-19,&hellip;<\/p>\n","protected":false},"author":1,"featured_media":22152,"comment_status":"open","ping_status":"open","sticky":false,"template":"","format":"standard","meta":{"footnotes":""},"categories":[1],"tags":[],"class_list":["post-22151","post","type-post","status-publish","format-standard","has-post-thumbnail","hentry","category-noticias"],"_links":{"self":[{"href":"https:\/\/blogdorogeriogomes.com.br\/noticias\/wp-json\/wp\/v2\/posts\/22151","targetHints":{"allow":["GET"]}}],"collection":[{"href":"https:\/\/blogdorogeriogomes.com.br\/noticias\/wp-json\/wp\/v2\/posts"}],"about":[{"href":"https:\/\/blogdorogeriogomes.com.br\/noticias\/wp-json\/wp\/v2\/types\/post"}],"author":[{"embeddable":true,"href":"https:\/\/blogdorogeriogomes.com.br\/noticias\/wp-json\/wp\/v2\/users\/1"}],"replies":[{"embeddable":true,"href":"https:\/\/blogdorogeriogomes.com.br\/noticias\/wp-json\/wp\/v2\/comments?post=22151"}],"version-history":[{"count":2,"href":"https:\/\/blogdorogeriogomes.com.br\/noticias\/wp-json\/wp\/v2\/posts\/22151\/revisions"}],"predecessor-version":[{"id":22154,"href":"https:\/\/blogdorogeriogomes.com.br\/noticias\/wp-json\/wp\/v2\/posts\/22151\/revisions\/22154"}],"wp:featuredmedia":[{"embeddable":true,"href":"https:\/\/blogdorogeriogomes.com.br\/noticias\/wp-json\/wp\/v2\/media\/22152"}],"wp:attachment":[{"href":"https:\/\/blogdorogeriogomes.com.br\/noticias\/wp-json\/wp\/v2\/media?parent=22151"}],"wp:term":[{"taxonomy":"category","embeddable":true,"href":"https:\/\/blogdorogeriogomes.com.br\/noticias\/wp-json\/wp\/v2\/categories?post=22151"},{"taxonomy":"post_tag","embeddable":true,"href":"https:\/\/blogdorogeriogomes.com.br\/noticias\/wp-json\/wp\/v2\/tags?post=22151"}],"curies":[{"name":"wp","href":"https:\/\/api.w.org\/{rel}","templated":true}]}}