{"id":22155,"date":"2021-07-28T10:24:07","date_gmt":"2021-07-28T10:24:07","guid":{"rendered":"https:\/\/blogdorogeriogomes.com.br\/?p=22155"},"modified":"2021-07-28T20:58:13","modified_gmt":"2021-07-28T20:58:13","slug":"depois-de-lula-bolsonaro-confirma-vinda-ao-ceara-em-agosto","status":"publish","type":"post","link":"https:\/\/blogdorogeriogomes.com.br\/noticias\/2021\/07\/depois-de-lula-bolsonaro-confirma-vinda-ao-ceara-em-agosto\/","title":{"rendered":"Depois de Lula, Bolsonaro confirma vinda ao Cear\u00e1 em agosto"},"content":{"rendered":"\n<p>Ap\u00f3s os problemas de obstru\u00e7\u00e3o intestinal, o presidente Jair Bolsonaro decidiu retomar visitas ao Nordeste. Agora, com o Centr\u00e3o dentro do governo, Bolsonaro tenta estancar a queda na popularidade. O Cear\u00e1 est\u00e1 na rota de visitas neste m\u00eas de agosto. O ex-presidente Lula (PT) tamb\u00e9m confirmou uma vinda ao Estado para cumprir encontros pol\u00edticos neste m\u00eas. <\/p>\n\n\n\n<p>Bolsonaro vai passar pelo Cear\u00e1 na sexta-feira, dia 13 de agosto. Ele vir\u00e1 aos munic\u00edpios de Crato e Juazeiro do Norte, na regi\u00e3o do Cariri, para entregar 1.800 resid\u00eancias populares do programa Casa Verde e Amarela. A visita n\u00e3o deixa de ter car\u00e1ter pol\u00edtico, j\u00e1 que o Cear\u00e1 tem um governador petista e de oposi\u00e7\u00e3o ao atual Governo Federal.<\/p>\n\n\n\n<figure class=\"wp-block-image size-large\"><img loading=\"lazy\" decoding=\"async\" width=\"702\" height=\"393\" src=\"https:\/\/blogdorogeriogomes.com.br\/wp-content\/uploads\/2021\/07\/images-2021-07-28T072238.841.jpeg\" alt=\"\" class=\"wp-image-22156\" srcset=\"https:\/\/blogdorogeriogomes.com.br\/noticias\/wp-content\/uploads\/2021\/07\/images-2021-07-28T072238.841.jpeg 702w, https:\/\/blogdorogeriogomes.com.br\/noticias\/wp-content\/uploads\/2021\/07\/images-2021-07-28T072238.841-300x168.jpeg 300w, https:\/\/blogdorogeriogomes.com.br\/noticias\/wp-content\/uploads\/2021\/07\/images-2021-07-28T072238.841-700x393.jpeg 700w\" sizes=\"auto, (max-width: 702px) 100vw, 702px\" \/><\/figure>\n","protected":false},"excerpt":{"rendered":"<p>Ap\u00f3s os problemas de obstru\u00e7\u00e3o intestinal, o presidente Jair Bolsonaro decidiu retomar visitas ao Nordeste. Agora, com o Centr\u00e3o dentro do governo, Bolsonaro tenta estancar a queda na popularidade. O Cear\u00e1 est\u00e1 na rota de visitas neste m\u00eas de agosto. O ex-presidente Lula (PT) tamb\u00e9m confirmou uma vinda ao Estado para cumprir encontros pol\u00edticos neste m\u00eas. Bolsonaro vai passar pelo Cear\u00e1 na sexta-feira, dia 13 de agosto. Ele vir\u00e1 aos munic\u00edpios de Crato e Juazeiro do Norte, na regi\u00e3o&hellip;<\/p>\n","protected":false},"author":1,"featured_media":22156,"comment_status":"open","ping_status":"open","sticky":false,"template":"","format":"standard","meta":{"footnotes":""},"categories":[1],"tags":[],"class_list":["post-22155","post","type-post","status-publish","format-standard","has-post-thumbnail","hentry","category-noticias"],"_links":{"self":[{"href":"https:\/\/blogdorogeriogomes.com.br\/noticias\/wp-json\/wp\/v2\/posts\/22155","targetHints":{"allow":["GET"]}}],"collection":[{"href":"https:\/\/blogdorogeriogomes.com.br\/noticias\/wp-json\/wp\/v2\/posts"}],"about":[{"href":"https:\/\/blogdorogeriogomes.com.br\/noticias\/wp-json\/wp\/v2\/types\/post"}],"author":[{"embeddable":true,"href":"https:\/\/blogdorogeriogomes.com.br\/noticias\/wp-json\/wp\/v2\/users\/1"}],"replies":[{"embeddable":true,"href":"https:\/\/blogdorogeriogomes.com.br\/noticias\/wp-json\/wp\/v2\/comments?post=22155"}],"version-history":[{"count":1,"href":"https:\/\/blogdorogeriogomes.com.br\/noticias\/wp-json\/wp\/v2\/posts\/22155\/revisions"}],"predecessor-version":[{"id":22157,"href":"https:\/\/blogdorogeriogomes.com.br\/noticias\/wp-json\/wp\/v2\/posts\/22155\/revisions\/22157"}],"wp:featuredmedia":[{"embeddable":true,"href":"https:\/\/blogdorogeriogomes.com.br\/noticias\/wp-json\/wp\/v2\/media\/22156"}],"wp:attachment":[{"href":"https:\/\/blogdorogeriogomes.com.br\/noticias\/wp-json\/wp\/v2\/media?parent=22155"}],"wp:term":[{"taxonomy":"category","embeddable":true,"href":"https:\/\/blogdorogeriogomes.com.br\/noticias\/wp-json\/wp\/v2\/categories?post=22155"},{"taxonomy":"post_tag","embeddable":true,"href":"https:\/\/blogdorogeriogomes.com.br\/noticias\/wp-json\/wp\/v2\/tags?post=22155"}],"curies":[{"name":"wp","href":"https:\/\/api.w.org\/{rel}","templated":true}]}}