{"id":22158,"date":"2021-07-28T20:10:54","date_gmt":"2021-07-28T20:10:54","guid":{"rendered":"https:\/\/blogdorogeriogomes.com.br\/?p=22158"},"modified":"2021-07-28T20:57:39","modified_gmt":"2021-07-28T20:57:39","slug":"prefeitura-da-capital-prepara-contratacoes-de-agentes-escolares-e-aplicativo-de-monitoramento-para-retorno-de-aulas-presenciais","status":"publish","type":"post","link":"https:\/\/blogdorogeriogomes.com.br\/noticias\/2021\/07\/prefeitura-da-capital-prepara-contratacoes-de-agentes-escolares-e-aplicativo-de-monitoramento-para-retorno-de-aulas-presenciais\/","title":{"rendered":"Prefeitura da Capital prepara contrata\u00e7\u00f5es de agentes escolares e aplicativo de monitoramento para retorno de aulas presenciais"},"content":{"rendered":"\n<p>O retorno das aulas presenciais na rede municipal de ensino na Capital contar\u00e1 com um plano especial de opera\u00e7\u00e3o. O prefeito de Fortaleza, Jos\u00e9 Sarto (PDT), anunciou nesta quarta-feira, dia 28 de julho, o conjunto de a\u00e7\u00f5es do pacote &#8220;Volta \u00e0s Aulas&#8221;, que envolve a contrata\u00e7\u00e3o de 1,3 mil agentes escolares para trabalhar no combate ao abandono escolar e o lan\u00e7amento do aplicativo Rastreio Covid-19 Fortaleza, com o objetivo de monitorar casos de coronav\u00edrus em escolas do munic\u00edpio.<\/p>\n\n\n\n<p>O semestre letivo em Fortaleza retorna nesta quinta-feira, dia 29, mas por enquanto ainda segue de forma remota. O retorno gradual para as atividades presenciais come\u00e7am a partir do dia 8 de setembro.<\/p>\n\n\n\n<p>Os agentes escolares ser\u00e3o contratados por meio de edital. A inten\u00e7\u00e3o \u00e9 contratar prioritariamente pessoas que moram na localidade onde a escola est\u00e1 inserida, para que se tenha abordagem mais eficiente junto aos estudantes e fam\u00edlias. A a\u00e7\u00e3o conta com investimento de R$ 16,8 milh\u00f5es.<\/p>\n\n\n\n<p>Com a plataforma Rastreio Covid-19, o monitoramento de casos do v\u00edrus na comunidade escolar deve ser feita com mais agilidade, com notifica\u00e7\u00f5es, testagens e identifica\u00e7\u00e3o dos contatos a serem registrados.<\/p>\n\n\n\n<p>O pacote do &#8220;Volta \u00e0s Aulas&#8221; tamb\u00e9m contemplou alunos da rede municipal com 28,5 mil tablets com acesso \u00e0 internet para garantir as aulas remotas e tamb\u00e9m mais de 240 mil kits alimentares.<\/p>\n\n\n\n<figure class=\"wp-block-image size-large\"><img loading=\"lazy\" decoding=\"async\" width=\"600\" height=\"400\" src=\"https:\/\/blogdorogeriogomes.com.br\/wp-content\/uploads\/2021\/07\/images-2021-07-28T171013.933.jpeg\" alt=\"\" class=\"wp-image-22159\" srcset=\"https:\/\/blogdorogeriogomes.com.br\/noticias\/wp-content\/uploads\/2021\/07\/images-2021-07-28T171013.933.jpeg 600w, https:\/\/blogdorogeriogomes.com.br\/noticias\/wp-content\/uploads\/2021\/07\/images-2021-07-28T171013.933-300x200.jpeg 300w\" sizes=\"auto, (max-width: 600px) 100vw, 600px\" \/><\/figure>\n","protected":false},"excerpt":{"rendered":"<p>O retorno das aulas presenciais na rede municipal de ensino na Capital contar\u00e1 com um plano especial de opera\u00e7\u00e3o. O prefeito de Fortaleza, Jos\u00e9 Sarto (PDT), anunciou nesta quarta-feira, dia 28 de julho, o conjunto de a\u00e7\u00f5es do pacote &#8220;Volta \u00e0s Aulas&#8221;, que envolve a contrata\u00e7\u00e3o de 1,3 mil agentes escolares para trabalhar no combate ao abandono escolar e o lan\u00e7amento do aplicativo Rastreio Covid-19 Fortaleza, com o objetivo de monitorar casos de coronav\u00edrus em escolas do munic\u00edpio. O&hellip;<\/p>\n","protected":false},"author":1,"featured_media":22159,"comment_status":"open","ping_status":"open","sticky":false,"template":"","format":"standard","meta":{"footnotes":""},"categories":[1],"tags":[],"class_list":["post-22158","post","type-post","status-publish","format-standard","has-post-thumbnail","hentry","category-noticias"],"_links":{"self":[{"href":"https:\/\/blogdorogeriogomes.com.br\/noticias\/wp-json\/wp\/v2\/posts\/22158","targetHints":{"allow":["GET"]}}],"collection":[{"href":"https:\/\/blogdorogeriogomes.com.br\/noticias\/wp-json\/wp\/v2\/posts"}],"about":[{"href":"https:\/\/blogdorogeriogomes.com.br\/noticias\/wp-json\/wp\/v2\/types\/post"}],"author":[{"embeddable":true,"href":"https:\/\/blogdorogeriogomes.com.br\/noticias\/wp-json\/wp\/v2\/users\/1"}],"replies":[{"embeddable":true,"href":"https:\/\/blogdorogeriogomes.com.br\/noticias\/wp-json\/wp\/v2\/comments?post=22158"}],"version-history":[{"count":1,"href":"https:\/\/blogdorogeriogomes.com.br\/noticias\/wp-json\/wp\/v2\/posts\/22158\/revisions"}],"predecessor-version":[{"id":22160,"href":"https:\/\/blogdorogeriogomes.com.br\/noticias\/wp-json\/wp\/v2\/posts\/22158\/revisions\/22160"}],"wp:featuredmedia":[{"embeddable":true,"href":"https:\/\/blogdorogeriogomes.com.br\/noticias\/wp-json\/wp\/v2\/media\/22159"}],"wp:attachment":[{"href":"https:\/\/blogdorogeriogomes.com.br\/noticias\/wp-json\/wp\/v2\/media?parent=22158"}],"wp:term":[{"taxonomy":"category","embeddable":true,"href":"https:\/\/blogdorogeriogomes.com.br\/noticias\/wp-json\/wp\/v2\/categories?post=22158"},{"taxonomy":"post_tag","embeddable":true,"href":"https:\/\/blogdorogeriogomes.com.br\/noticias\/wp-json\/wp\/v2\/tags?post=22158"}],"curies":[{"name":"wp","href":"https:\/\/api.w.org\/{rel}","templated":true}]}}