{"id":22164,"date":"2021-07-28T23:08:07","date_gmt":"2021-07-28T23:08:07","guid":{"rendered":"https:\/\/blogdorogeriogomes.com.br\/?p=22164"},"modified":"2021-07-30T11:11:21","modified_gmt":"2021-07-30T11:11:21","slug":"centro-de-vacinacao-do-castelao-e-desinstalado-e-novo-posto-funcionara-no-shopping-iguatemi-em-fortaleza","status":"publish","type":"post","link":"https:\/\/blogdorogeriogomes.com.br\/noticias\/2021\/07\/centro-de-vacinacao-do-castelao-e-desinstalado-e-novo-posto-funcionara-no-shopping-iguatemi-em-fortaleza\/","title":{"rendered":"Centro de vacina\u00e7\u00e3o do Castel\u00e3o \u00e9 desinstalado e novo posto funcionar\u00e1 no Shopping Iguatemi em Fortaleza"},"content":{"rendered":"\n<p>A Secretaria Municipal da Sa\u00fade (SMS) desativou, nesta quarta-feira, dia 28 de julho, o centro de vacina\u00e7\u00e3o situado nas instala\u00e7\u00f5es da Arena Castel\u00e3o. O objetivo \u00e9, nesta etapa da vacina\u00e7\u00e3o em Fortaleza, transferir a demanda do local para nova estrutura no Shopping Iguatemi.<\/p>\n\n\n\n<p>O ponto no Iguatemi receber\u00e1 os agendamentos ap\u00f3s a chegada de novos lotes de vacinas contra a Covid-19. As salas montadas no shopping t\u00eam capacidade para receber at\u00e9 700 pessoas por dia, das 9 horas \u00e0s 17 horas.<\/p>\n\n\n\n<p>Fortaleza conta com outros 100 postos de sa\u00fade para aplica\u00e7\u00e3o dos imunizantes. Dentre os locais est\u00e3o o Centro de Eventos do Cear\u00e1, os Shoppings RioMar Fortaleza, RioMar Kennedy e North Shopping J\u00f3quei, o Sesi Parangaba, e os Cucas da Barra do Cear\u00e1, do Jangurussu, do Mondubim e do Jos\u00e9 Walter.<\/p>\n\n\n\n<p>A Prefeitura de Fortaleza confirma que, at\u00e9 esta quarta-feira, j\u00e1 foram vacinadas 1.424.795 pessoas com a primeira dose. Desse n\u00famero, 490.775 receberam a segunda dose.<\/p>\n\n\n\n<figure class=\"wp-block-image size-large\"><img loading=\"lazy\" decoding=\"async\" width=\"640\" height=\"479\" src=\"https:\/\/blogdorogeriogomes.com.br\/wp-content\/uploads\/2021\/07\/images-2021-07-28T200445.319.jpeg\" alt=\"\" class=\"wp-image-22165\" srcset=\"https:\/\/blogdorogeriogomes.com.br\/noticias\/wp-content\/uploads\/2021\/07\/images-2021-07-28T200445.319.jpeg 640w, https:\/\/blogdorogeriogomes.com.br\/noticias\/wp-content\/uploads\/2021\/07\/images-2021-07-28T200445.319-300x225.jpeg 300w, https:\/\/blogdorogeriogomes.com.br\/noticias\/wp-content\/uploads\/2021\/07\/images-2021-07-28T200445.319-400x300.jpeg 400w\" sizes=\"auto, (max-width: 640px) 100vw, 640px\" \/><\/figure>\n","protected":false},"excerpt":{"rendered":"<p>A Secretaria Municipal da Sa\u00fade (SMS) desativou, nesta quarta-feira, dia 28 de julho, o centro de vacina\u00e7\u00e3o situado nas instala\u00e7\u00f5es da Arena Castel\u00e3o. O objetivo \u00e9, nesta etapa da vacina\u00e7\u00e3o em Fortaleza, transferir a demanda do local para nova estrutura no Shopping Iguatemi. O ponto no Iguatemi receber\u00e1 os agendamentos ap\u00f3s a chegada de novos lotes de vacinas contra a Covid-19. As salas montadas no shopping t\u00eam capacidade para receber at\u00e9 700 pessoas por dia, das 9 horas \u00e0s&hellip;<\/p>\n","protected":false},"author":1,"featured_media":22165,"comment_status":"open","ping_status":"open","sticky":false,"template":"","format":"standard","meta":{"footnotes":""},"categories":[1],"tags":[],"class_list":["post-22164","post","type-post","status-publish","format-standard","has-post-thumbnail","hentry","category-noticias"],"_links":{"self":[{"href":"https:\/\/blogdorogeriogomes.com.br\/noticias\/wp-json\/wp\/v2\/posts\/22164","targetHints":{"allow":["GET"]}}],"collection":[{"href":"https:\/\/blogdorogeriogomes.com.br\/noticias\/wp-json\/wp\/v2\/posts"}],"about":[{"href":"https:\/\/blogdorogeriogomes.com.br\/noticias\/wp-json\/wp\/v2\/types\/post"}],"author":[{"embeddable":true,"href":"https:\/\/blogdorogeriogomes.com.br\/noticias\/wp-json\/wp\/v2\/users\/1"}],"replies":[{"embeddable":true,"href":"https:\/\/blogdorogeriogomes.com.br\/noticias\/wp-json\/wp\/v2\/comments?post=22164"}],"version-history":[{"count":1,"href":"https:\/\/blogdorogeriogomes.com.br\/noticias\/wp-json\/wp\/v2\/posts\/22164\/revisions"}],"predecessor-version":[{"id":22166,"href":"https:\/\/blogdorogeriogomes.com.br\/noticias\/wp-json\/wp\/v2\/posts\/22164\/revisions\/22166"}],"wp:featuredmedia":[{"embeddable":true,"href":"https:\/\/blogdorogeriogomes.com.br\/noticias\/wp-json\/wp\/v2\/media\/22165"}],"wp:attachment":[{"href":"https:\/\/blogdorogeriogomes.com.br\/noticias\/wp-json\/wp\/v2\/media?parent=22164"}],"wp:term":[{"taxonomy":"category","embeddable":true,"href":"https:\/\/blogdorogeriogomes.com.br\/noticias\/wp-json\/wp\/v2\/categories?post=22164"},{"taxonomy":"post_tag","embeddable":true,"href":"https:\/\/blogdorogeriogomes.com.br\/noticias\/wp-json\/wp\/v2\/tags?post=22164"}],"curies":[{"name":"wp","href":"https:\/\/api.w.org\/{rel}","templated":true}]}}