{"id":22170,"date":"2021-07-29T10:46:57","date_gmt":"2021-07-29T10:46:57","guid":{"rendered":"https:\/\/blogdorogeriogomes.com.br\/?p=22170"},"modified":"2021-07-30T11:11:40","modified_gmt":"2021-07-30T11:11:40","slug":"cpi-da-covid-deve-retornar-com-novos-depoimentos-a-partir-de-3-de-agosto-no-senado-federal","status":"publish","type":"post","link":"https:\/\/blogdorogeriogomes.com.br\/noticias\/2021\/07\/cpi-da-covid-deve-retornar-com-novos-depoimentos-a-partir-de-3-de-agosto-no-senado-federal\/","title":{"rendered":"CPI da Covid deve retornar com novos depoimentos a partir de 3 de agosto no Senado Federal"},"content":{"rendered":"\n<p>O clima pol\u00edtico em Bras\u00edlia deve voltar a esquentar com o fim do recesso parlamentar na pr\u00f3xima semana. Em 3 de agosto, os depoimentos na CPI da Covid no Senado Federal. Durante as duas semanas de recesso, os membros da comiss\u00e3o concentraram os esfor\u00e7os na an\u00e1lise de documentos e quebras de sigilo fiscal e telem\u00e1tico de acusados de fraudes durante a pandemia.<\/p>\n\n\n\n<p>No dia 3 de agosto, a CPI vai ouvir o depoimento do reverendo Amilton Gomes de Paula, que teria sido autorizado pelo Governo Federal a negociar 400 milh\u00f5es de doses da Astrazeneca com a Davati. No dia 4 de agosto ser\u00e1 o depoimento de Francisco Maximiano, s\u00f3cio da Precisa Medicamentos; e no dia 5 de agosto, T\u00falio Silveira, advogado e representante da Precisa Medicamentos, ser\u00e1 ouvido pelos senadores.<\/p>\n\n\n\n<p>Com a ida do senador Ciro Nogueira (PP) para a Casa Civil, a composi\u00e7\u00e3o da CPI sofrer\u00e1 altera\u00e7\u00f5es. O senador Luis Carlos Heinz, do Rio Grande do Sul, assume o lugar de Ciro Nogueira como titular. Fl\u00e1vio Bolsonaro passar\u00e1 a ser suplente.<\/p>\n\n\n\n<figure class=\"wp-block-image size-large\"><img loading=\"lazy\" decoding=\"async\" width=\"680\" height=\"451\" src=\"https:\/\/blogdorogeriogomes.com.br\/wp-content\/uploads\/2021\/07\/images-2021-07-29T074523.577.jpeg\" alt=\"\" class=\"wp-image-22171\" srcset=\"https:\/\/blogdorogeriogomes.com.br\/noticias\/wp-content\/uploads\/2021\/07\/images-2021-07-29T074523.577.jpeg 680w, https:\/\/blogdorogeriogomes.com.br\/noticias\/wp-content\/uploads\/2021\/07\/images-2021-07-29T074523.577-300x199.jpeg 300w\" sizes=\"auto, (max-width: 680px) 100vw, 680px\" \/><\/figure>\n","protected":false},"excerpt":{"rendered":"<p>O clima pol\u00edtico em Bras\u00edlia deve voltar a esquentar com o fim do recesso parlamentar na pr\u00f3xima semana. Em 3 de agosto, os depoimentos na CPI da Covid no Senado Federal. Durante as duas semanas de recesso, os membros da comiss\u00e3o concentraram os esfor\u00e7os na an\u00e1lise de documentos e quebras de sigilo fiscal e telem\u00e1tico de acusados de fraudes durante a pandemia. No dia 3 de agosto, a CPI vai ouvir o depoimento do reverendo Amilton Gomes de Paula,&hellip;<\/p>\n","protected":false},"author":1,"featured_media":22171,"comment_status":"open","ping_status":"open","sticky":false,"template":"","format":"standard","meta":{"footnotes":""},"categories":[1],"tags":[],"class_list":["post-22170","post","type-post","status-publish","format-standard","has-post-thumbnail","hentry","category-noticias"],"_links":{"self":[{"href":"https:\/\/blogdorogeriogomes.com.br\/noticias\/wp-json\/wp\/v2\/posts\/22170","targetHints":{"allow":["GET"]}}],"collection":[{"href":"https:\/\/blogdorogeriogomes.com.br\/noticias\/wp-json\/wp\/v2\/posts"}],"about":[{"href":"https:\/\/blogdorogeriogomes.com.br\/noticias\/wp-json\/wp\/v2\/types\/post"}],"author":[{"embeddable":true,"href":"https:\/\/blogdorogeriogomes.com.br\/noticias\/wp-json\/wp\/v2\/users\/1"}],"replies":[{"embeddable":true,"href":"https:\/\/blogdorogeriogomes.com.br\/noticias\/wp-json\/wp\/v2\/comments?post=22170"}],"version-history":[{"count":1,"href":"https:\/\/blogdorogeriogomes.com.br\/noticias\/wp-json\/wp\/v2\/posts\/22170\/revisions"}],"predecessor-version":[{"id":22172,"href":"https:\/\/blogdorogeriogomes.com.br\/noticias\/wp-json\/wp\/v2\/posts\/22170\/revisions\/22172"}],"wp:featuredmedia":[{"embeddable":true,"href":"https:\/\/blogdorogeriogomes.com.br\/noticias\/wp-json\/wp\/v2\/media\/22171"}],"wp:attachment":[{"href":"https:\/\/blogdorogeriogomes.com.br\/noticias\/wp-json\/wp\/v2\/media?parent=22170"}],"wp:term":[{"taxonomy":"category","embeddable":true,"href":"https:\/\/blogdorogeriogomes.com.br\/noticias\/wp-json\/wp\/v2\/categories?post=22170"},{"taxonomy":"post_tag","embeddable":true,"href":"https:\/\/blogdorogeriogomes.com.br\/noticias\/wp-json\/wp\/v2\/tags?post=22170"}],"curies":[{"name":"wp","href":"https:\/\/api.w.org\/{rel}","templated":true}]}}