{"id":22173,"date":"2021-07-29T21:38:21","date_gmt":"2021-07-29T21:38:21","guid":{"rendered":"https:\/\/blogdorogeriogomes.com.br\/?p=22173"},"modified":"2021-07-30T11:10:52","modified_gmt":"2021-07-30T11:10:52","slug":"ceara-registra-quatro-casos-da-variante-delta-da-covid-19","status":"publish","type":"post","link":"https:\/\/blogdorogeriogomes.com.br\/noticias\/2021\/07\/ceara-registra-quatro-casos-da-variante-delta-da-covid-19\/","title":{"rendered":"Cear\u00e1 registra quatro casos da variante Delta da Covid-19"},"content":{"rendered":"\n<p>A Secretaria da Sa\u00fade do Cear\u00e1 (Sesa) confirmou, nesta quinta-feira, dia 29 de julho, a identifica\u00e7\u00e3o de quatro casos de Covid-19 da variante Delta no Estado. Segundo informou o governador Camilo Santana (PT) em suas redes sociais, s\u00e3o tr\u00eas mulheres e um homem, com idades entre 22 e 26 anos, que moram em Fortaleza (duas pessoas), Caucaia e Itapipoca. Todos testaram positivo ap\u00f3s desembarcarem de voos vindos do Rio de Janeiro.<\/p>\n\n\n\n<p>Os pacientes que est\u00e3o infectados com a variante est\u00e3o em isolamento e seguem monitorados pela Sesa. &#8220;Informo que as barreiras sanit\u00e1rias est\u00e3o sendo refor\u00e7adas nas rodovi\u00e1rias de Fortaleza e interior, al\u00e9m da amplia\u00e7\u00e3o de 5% para 20% das coletas por amostragem no Centro de Testagem do Aeroporto&#8221;, detalhou o governador.<\/p>\n\n\n\n<p>Camilo refor\u00e7ou a import\u00e2ncia da popula\u00e7\u00e3o cearense seguir mantendo todos os cuidados sanit\u00e1rios, com as normas de distanciamento social e o uso de m\u00e1scara. &#8220;Temos feito todos os esfor\u00e7os para garantir mais vacinas para os cearenses, inclusive negociando com laborat\u00f3rios a compra direta para o estado. S\u00f3 com a vacina\u00e7\u00e3o em massa conseguiremos superar de vez essa pandemia&#8221;, finalizou.<\/p>\n\n\n\n<figure class=\"wp-block-image size-large\"><img loading=\"lazy\" decoding=\"async\" width=\"711\" height=\"431\" src=\"https:\/\/blogdorogeriogomes.com.br\/wp-content\/uploads\/2021\/07\/images-2021-07-29T183605.589.jpeg\" alt=\"\" class=\"wp-image-22174\" srcset=\"https:\/\/blogdorogeriogomes.com.br\/noticias\/wp-content\/uploads\/2021\/07\/images-2021-07-29T183605.589.jpeg 711w, https:\/\/blogdorogeriogomes.com.br\/noticias\/wp-content\/uploads\/2021\/07\/images-2021-07-29T183605.589-300x182.jpeg 300w\" sizes=\"auto, (max-width: 711px) 100vw, 711px\" \/><\/figure>\n","protected":false},"excerpt":{"rendered":"<p>A Secretaria da Sa\u00fade do Cear\u00e1 (Sesa) confirmou, nesta quinta-feira, dia 29 de julho, a identifica\u00e7\u00e3o de quatro casos de Covid-19 da variante Delta no Estado. Segundo informou o governador Camilo Santana (PT) em suas redes sociais, s\u00e3o tr\u00eas mulheres e um homem, com idades entre 22 e 26 anos, que moram em Fortaleza (duas pessoas), Caucaia e Itapipoca. Todos testaram positivo ap\u00f3s desembarcarem de voos vindos do Rio de Janeiro. Os pacientes que est\u00e3o infectados com a variante&hellip;<\/p>\n","protected":false},"author":1,"featured_media":22174,"comment_status":"open","ping_status":"open","sticky":false,"template":"","format":"standard","meta":{"footnotes":""},"categories":[1],"tags":[],"class_list":["post-22173","post","type-post","status-publish","format-standard","has-post-thumbnail","hentry","category-noticias"],"_links":{"self":[{"href":"https:\/\/blogdorogeriogomes.com.br\/noticias\/wp-json\/wp\/v2\/posts\/22173","targetHints":{"allow":["GET"]}}],"collection":[{"href":"https:\/\/blogdorogeriogomes.com.br\/noticias\/wp-json\/wp\/v2\/posts"}],"about":[{"href":"https:\/\/blogdorogeriogomes.com.br\/noticias\/wp-json\/wp\/v2\/types\/post"}],"author":[{"embeddable":true,"href":"https:\/\/blogdorogeriogomes.com.br\/noticias\/wp-json\/wp\/v2\/users\/1"}],"replies":[{"embeddable":true,"href":"https:\/\/blogdorogeriogomes.com.br\/noticias\/wp-json\/wp\/v2\/comments?post=22173"}],"version-history":[{"count":1,"href":"https:\/\/blogdorogeriogomes.com.br\/noticias\/wp-json\/wp\/v2\/posts\/22173\/revisions"}],"predecessor-version":[{"id":22175,"href":"https:\/\/blogdorogeriogomes.com.br\/noticias\/wp-json\/wp\/v2\/posts\/22173\/revisions\/22175"}],"wp:featuredmedia":[{"embeddable":true,"href":"https:\/\/blogdorogeriogomes.com.br\/noticias\/wp-json\/wp\/v2\/media\/22174"}],"wp:attachment":[{"href":"https:\/\/blogdorogeriogomes.com.br\/noticias\/wp-json\/wp\/v2\/media?parent=22173"}],"wp:term":[{"taxonomy":"category","embeddable":true,"href":"https:\/\/blogdorogeriogomes.com.br\/noticias\/wp-json\/wp\/v2\/categories?post=22173"},{"taxonomy":"post_tag","embeddable":true,"href":"https:\/\/blogdorogeriogomes.com.br\/noticias\/wp-json\/wp\/v2\/tags?post=22173"}],"curies":[{"name":"wp","href":"https:\/\/api.w.org\/{rel}","templated":true}]}}