{"id":22176,"date":"2021-07-30T08:48:45","date_gmt":"2021-07-30T08:48:45","guid":{"rendered":"https:\/\/blogdorogeriogomes.com.br\/?p=22176"},"modified":"2021-07-30T11:10:44","modified_gmt":"2021-07-30T11:10:44","slug":"chegada-da-variante-delta-faz-al-cancelar-agenda-do-pacto-contra-o-coronavirus-em-itapipoca","status":"publish","type":"post","link":"https:\/\/blogdorogeriogomes.com.br\/noticias\/2021\/07\/chegada-da-variante-delta-faz-al-cancelar-agenda-do-pacto-contra-o-coronavirus-em-itapipoca\/","title":{"rendered":"Chegada da variante Delta faz AL cancelar agenda do Pacto contra o Coronav\u00edrus em Itapipoca"},"content":{"rendered":"\n<p>Diante do registro de um paciente com a variante Delta em Itapipoca, o presidente da Assembleia Legislativa do Cear\u00e1, Evandro Leit\u00e3o (PDT), cancelou a programa\u00e7\u00e3o do Pacto contra o Coronav\u00edrus que seria realizada nesta sexta-feira, dia 30 de julho, no munic\u00edpio. O paciente est\u00e1 sendo monitorado pela Secretaria de Sa\u00fade do Estado.<\/p>\n\n\n\n<p>Ainda na quinta-feira, dia 29, a comitiva do Pacto Contra o Coronav\u00edrus no Cear\u00e1 esteve em Quixeramobim e Iguatu, onde foi refor\u00e7ado o cadastramento de pessoas para receber a vacina contra a Covid-19. \u201c\u00c9 muito importante esse aux\u00edlio. Muita gente n\u00e3o tem acesso \u00e0 internet ou tem d\u00favidas quanto ao preenchimento dos dados na plataforma Sa\u00fade Digital\u201d, afirmou o presidente da AL, Evandro Leit\u00e3o.<\/p>\n\n\n\n<p>Desde a semana passada, a comitiva do pacto refor\u00e7ou as medidas preventivas contra o coronav\u00edrus e potencializou o cadastro para vacina nos munic\u00edpios de Sobral, Tiangu\u00e1, Vi\u00e7osa do Cear\u00e1, Crate\u00fas, Tau\u00e1, Aracati, Morada Nova, Canind\u00e9, Baturit\u00e9, Juazeiro do Norte, Barbalha, Crato, Camocim, Granja, Quixeramobim e Iguatu.<\/p>\n\n\n\n<figure class=\"wp-block-image size-large\"><img loading=\"lazy\" decoding=\"async\" width=\"1024\" height=\"682\" src=\"https:\/\/blogdorogeriogomes.com.br\/wp-content\/uploads\/2021\/07\/IMG-20210729-WA0131-1024x682.jpg\" alt=\"\" class=\"wp-image-22177\" srcset=\"https:\/\/blogdorogeriogomes.com.br\/noticias\/wp-content\/uploads\/2021\/07\/IMG-20210729-WA0131-1024x682.jpg 1024w, https:\/\/blogdorogeriogomes.com.br\/noticias\/wp-content\/uploads\/2021\/07\/IMG-20210729-WA0131-300x200.jpg 300w, https:\/\/blogdorogeriogomes.com.br\/noticias\/wp-content\/uploads\/2021\/07\/IMG-20210729-WA0131-768x511.jpg 768w, https:\/\/blogdorogeriogomes.com.br\/noticias\/wp-content\/uploads\/2021\/07\/IMG-20210729-WA0131-800x533.jpg 800w, https:\/\/blogdorogeriogomes.com.br\/noticias\/wp-content\/uploads\/2021\/07\/IMG-20210729-WA0131.jpg 1280w\" sizes=\"auto, (max-width: 1024px) 100vw, 1024px\" \/><\/figure>\n","protected":false},"excerpt":{"rendered":"<p>Diante do registro de um paciente com a variante Delta em Itapipoca, o presidente da Assembleia Legislativa do Cear\u00e1, Evandro Leit\u00e3o (PDT), cancelou a programa\u00e7\u00e3o do Pacto contra o Coronav\u00edrus que seria realizada nesta sexta-feira, dia 30 de julho, no munic\u00edpio. O paciente est\u00e1 sendo monitorado pela Secretaria de Sa\u00fade do Estado. Ainda na quinta-feira, dia 29, a comitiva do Pacto Contra o Coronav\u00edrus no Cear\u00e1 esteve em Quixeramobim e Iguatu, onde foi refor\u00e7ado o cadastramento de pessoas para&hellip;<\/p>\n","protected":false},"author":1,"featured_media":22177,"comment_status":"open","ping_status":"open","sticky":false,"template":"","format":"standard","meta":{"footnotes":""},"categories":[1],"tags":[],"class_list":["post-22176","post","type-post","status-publish","format-standard","has-post-thumbnail","hentry","category-noticias"],"_links":{"self":[{"href":"https:\/\/blogdorogeriogomes.com.br\/noticias\/wp-json\/wp\/v2\/posts\/22176","targetHints":{"allow":["GET"]}}],"collection":[{"href":"https:\/\/blogdorogeriogomes.com.br\/noticias\/wp-json\/wp\/v2\/posts"}],"about":[{"href":"https:\/\/blogdorogeriogomes.com.br\/noticias\/wp-json\/wp\/v2\/types\/post"}],"author":[{"embeddable":true,"href":"https:\/\/blogdorogeriogomes.com.br\/noticias\/wp-json\/wp\/v2\/users\/1"}],"replies":[{"embeddable":true,"href":"https:\/\/blogdorogeriogomes.com.br\/noticias\/wp-json\/wp\/v2\/comments?post=22176"}],"version-history":[{"count":1,"href":"https:\/\/blogdorogeriogomes.com.br\/noticias\/wp-json\/wp\/v2\/posts\/22176\/revisions"}],"predecessor-version":[{"id":22178,"href":"https:\/\/blogdorogeriogomes.com.br\/noticias\/wp-json\/wp\/v2\/posts\/22176\/revisions\/22178"}],"wp:featuredmedia":[{"embeddable":true,"href":"https:\/\/blogdorogeriogomes.com.br\/noticias\/wp-json\/wp\/v2\/media\/22177"}],"wp:attachment":[{"href":"https:\/\/blogdorogeriogomes.com.br\/noticias\/wp-json\/wp\/v2\/media?parent=22176"}],"wp:term":[{"taxonomy":"category","embeddable":true,"href":"https:\/\/blogdorogeriogomes.com.br\/noticias\/wp-json\/wp\/v2\/categories?post=22176"},{"taxonomy":"post_tag","embeddable":true,"href":"https:\/\/blogdorogeriogomes.com.br\/noticias\/wp-json\/wp\/v2\/tags?post=22176"}],"curies":[{"name":"wp","href":"https:\/\/api.w.org\/{rel}","templated":true}]}}